{"id":92510,"date":"2020-07-16T10:40:09","date_gmt":"2020-07-16T14:40:09","guid":{"rendered":"https:\/\/linitiative.ca\/International\/bundesliga-la-ligue-ouvre-la-porte-au-retour-des-supporters\/"},"modified":"2020-07-16T10:40:09","modified_gmt":"2020-07-16T14:40:09","slug":"bundesliga-la-ligue-ouvre-la-porte-au-retour-des-supporters","status":"publish","type":"post","link":"https:\/\/linitiative.ca\/International\/bundesliga-la-ligue-ouvre-la-porte-au-retour-des-supporters\/","title":{"rendered":"Bundesliga :  La Ligue ouvre  la porte au retour des supporters"},"content":{"rendered":"<header>\n<div class=\"entry-post-meta\">\n<div class=\"author-link\">Publi\u00e9 par <a itemprop=\"author\" itemscope=\"\" itemtype=\"https:\/\/schema.org\/Person\" href=\"https:\/\/aujourdhui.ma\/author\/blio\" rel=\"author\"><span itemprop=\"name\">ALM<\/span><\/a><\/div>\n<p>Date\u00a0:<time content=\"2020-07-16T15:40:09+01:00\" class=\"entry-date updated\" datetime=\"2020-07-16T15:40:09+01:00\">juillet 16, 2020<\/time><\/p>\n<div class=\"entry-cat\">dans:<a href=\"https:\/\/aujourdhui.ma\/category\/sports\" rel=\"category tag\">Sports<\/a><\/div>\n<p>4Vues<\/p>\n<\/div>\n<\/header>\n<div class=\"entry-content clearfix\" readability=\"40\"><img decoding=\"async\" class=\"post_layout_5_img\" src=\"http:\/\/aujourdhui.ma\/wp-content\/uploads\/2020\/07\/Bundesliga-La-Ligue-ouvre-la-porte-au-retour-des-supporters-.jpg\" alt=\"Bundesliga : La Ligue ouvre la porte au retour des supporters\"\/><\/p>\n<p><span class=\"c5\"><strong>La Ligue allemande de football (DFL) \u0153uvre pour garantir le retour des supporters dans les stades allemands \u00e0 l\u2019automne.<\/strong><\/span> <span id=\"more-350813\"\/><\/p>\n<p>Dans ce sens, la DFL a adress\u00e9 aux clubs de premi\u00e8re et deuxi\u00e8me divisions de Bundesliga un guide pour les aider \u00e0 pr\u00e9senter des projets de r\u00e9ouverture sous conditions des stades aux spectateurs.<br \/>Valid\u00e9 par le minist\u00e8re allemand de la Sant\u00e9, le guide contient notamment des informations sur les crit\u00e8res que les clubs devront prendre en compte pour garantir l\u2019accueil du public en ces temps de pand\u00e9mie.<br \/>L\u2019admission de supporters dans les enceintes des clubs d\u00e9pendra toujours du nombre de nouveaux cas de coronavirus dans la r\u00e9gion concern\u00e9e.<\/p>\n<\/div>\n<p>Auteur: ALM<br \/>\n<a href=\"https:\/\/aujourdhui.ma\/sports\/bundesliga-la-ligue-ouvre-la-porte-au-retour-des-supporters\">Cliquez ici pour lire l&rsquo;article depuis sa source.<\/a><\/p>\n","protected":false},"excerpt":{"rendered":"<p>Publi\u00e9 par ALM Date\u00a0:juillet 16, 2020 dans:Sports 4Vues La Ligue allemande de football (DFL) \u0153uvre pour garantir le retour des supporters dans les stades allemands \u00e0 l\u2019automne. Dans ce sens, la DFL a adress\u00e9 aux clubs de premi\u00e8re et deuxi\u00e8me divisions de Bundesliga un guide pour les aider \u00e0 pr\u00e9senter des projets de r\u00e9ouverture sous [&hellip;]<\/p>\n","protected":false},"author":1759,"featured_media":92511,"comment_status":"closed","ping_status":"closed","sticky":false,"template":"","format":"standard","meta":{"fifu_image_url":"","fifu_image_alt":"","footnotes":""},"categories":[73,54],"tags":[],"class_list":["post-92510","post","type-post","status-publish","format-standard","has-post-thumbnail","hentry","category-actualite","category-maroc"],"_links":{"self":[{"href":"https:\/\/linitiative.ca\/International\/wp-json\/wp\/v2\/posts\/92510","targetHints":{"allow":["GET"]}}],"collection":[{"href":"https:\/\/linitiative.ca\/International\/wp-json\/wp\/v2\/posts"}],"about":[{"href":"https:\/\/linitiative.ca\/International\/wp-json\/wp\/v2\/types\/post"}],"author":[{"embeddable":true,"href":"https:\/\/linitiative.ca\/International\/wp-json\/wp\/v2\/users\/1759"}],"replies":[{"embeddable":true,"href":"https:\/\/linitiative.ca\/International\/wp-json\/wp\/v2\/comments?post=92510"}],"version-history":[{"count":0,"href":"https:\/\/linitiative.ca\/International\/wp-json\/wp\/v2\/posts\/92510\/revisions"}],"wp:featuredmedia":[{"embeddable":true,"href":"https:\/\/linitiative.ca\/International\/wp-json\/"}],"wp:attachment":[{"href":"https:\/\/linitiative.ca\/International\/wp-json\/wp\/v2\/media?parent=92510"}],"wp:term":[{"taxonomy":"category","embeddable":true,"href":"https:\/\/linitiative.ca\/International\/wp-json\/wp\/v2\/categories?post=92510"},{"taxonomy":"post_tag","embeddable":true,"href":"https:\/\/linitiative.ca\/International\/wp-json\/wp\/v2\/tags?post=92510"}],"curies":[{"name":"wp","href":"https:\/\/api.w.org\/{rel}","templated":true}]}}