{"id":92512,"date":"2020-07-16T10:41:01","date_gmt":"2020-07-16T14:41:01","guid":{"rendered":"https:\/\/linitiative.ca\/International\/qatar-la-fifa-devoile-le-calendrier-du-mondial-2022\/"},"modified":"2020-07-16T10:41:01","modified_gmt":"2020-07-16T14:41:01","slug":"qatar-la-fifa-devoile-le-calendrier-du-mondial-2022","status":"publish","type":"post","link":"https:\/\/linitiative.ca\/International\/qatar-la-fifa-devoile-le-calendrier-du-mondial-2022\/","title":{"rendered":"Qatar : La FIFA d\u00e9voile le calendrier du Mondial-2022"},"content":{"rendered":"<header>\n<div class=\"entry-post-meta\">\n<div class=\"author-link\">Publi\u00e9 par <a itemprop=\"author\" itemscope=\"\" itemtype=\"https:\/\/schema.org\/Person\" href=\"https:\/\/aujourdhui.ma\/author\/blio\" rel=\"author\"><span itemprop=\"name\">ALM<\/span><\/a><\/div>\n<p>Date\u00a0:<time content=\"2020-07-16T15:41:01+01:00\" class=\"entry-date updated\" datetime=\"2020-07-16T15:41:01+01:00\">juillet 16, 2020<\/time><\/p>\n<div class=\"entry-cat\">dans:<a href=\"https:\/\/aujourdhui.ma\/category\/sports\" rel=\"category tag\">Sports<\/a><\/div>\n<p>4Vues<\/p>\n<\/div>\n<\/header>\n<div class=\"entry-content clearfix\" readability=\"50\"><img decoding=\"async\" class=\"post_layout_5_img\" src=\"http:\/\/aujourdhui.ma\/wp-content\/uploads\/2020\/07\/Qatar-La-FIFA-Mondial-2022-1.jpg\" alt=\"Qatar : La FIFA d&#xE9;voile le calendrier du Mondial-2022\"\/><\/p>\n<p><strong>Le match d\u2019ouverture de la Coupe du monde 2022, qui aura lieu du 21 novembre au 18 d\u00e9cembre au Qatar, sera disput\u00e9 \u00e0 Al Bayt Stadium d\u2019Al Khor City, a annonc\u00e9 la FIFA mercredi dans un communiqu\u00e9 pr\u00e9sentant le calendrier.<\/strong><span id=\"more-350810\"\/><\/p>\n<p>La FIFA a d\u00e9voil\u00e9 le programme officiel de la comp\u00e9tition, avec notamment quatre matches de poule par jour, composant un calendrier plus resserr\u00e9 jusqu\u2019\u00e0 la finale programm\u00e9e le 18 d\u00e9cembre \u00e0 18h00, jour de f\u00eate nationale au Qatar, devant 80.000 personnes au Lusail Stadium.<br \/>Les matches de la phase de groupe auront lieu \u00e0 13h00, 16h00, 19h00 et 22h00 (heure locale), tandis que les rencontres \u00e0 \u00e9limination directe se tiendront \u00e0 18h00 et 22h00.<br \/>Le tableau final devrait \u00eatre connu en mars 2022, une fois les phases de qualification termin\u00e9es.<\/p>\n<\/div>\n<p>Auteur: ALM<br \/>\n<a href=\"https:\/\/aujourdhui.ma\/sports\/qatar-la-fifa-devoile-le-calendrier-du-mondial-2022\">Cliquez ici pour lire l&rsquo;article depuis sa source.<\/a><\/p>\n","protected":false},"excerpt":{"rendered":"<p>Publi\u00e9 par ALM Date\u00a0:juillet 16, 2020 dans:Sports 4Vues Le match d\u2019ouverture de la Coupe du monde 2022, qui aura lieu du 21 novembre au 18 d\u00e9cembre au Qatar, sera disput\u00e9 \u00e0 Al Bayt Stadium d\u2019Al Khor City, a annonc\u00e9 la FIFA mercredi dans un communiqu\u00e9 pr\u00e9sentant le calendrier. La FIFA a d\u00e9voil\u00e9 le programme officiel [&hellip;]<\/p>\n","protected":false},"author":1759,"featured_media":92513,"comment_status":"closed","ping_status":"closed","sticky":false,"template":"","format":"standard","meta":{"fifu_image_url":"","fifu_image_alt":"","footnotes":""},"categories":[73,54],"tags":[],"class_list":["post-92512","post","type-post","status-publish","format-standard","has-post-thumbnail","hentry","category-actualite","category-maroc"],"_links":{"self":[{"href":"https:\/\/linitiative.ca\/International\/wp-json\/wp\/v2\/posts\/92512","targetHints":{"allow":["GET"]}}],"collection":[{"href":"https:\/\/linitiative.ca\/International\/wp-json\/wp\/v2\/posts"}],"about":[{"href":"https:\/\/linitiative.ca\/International\/wp-json\/wp\/v2\/types\/post"}],"author":[{"embeddable":true,"href":"https:\/\/linitiative.ca\/International\/wp-json\/wp\/v2\/users\/1759"}],"replies":[{"embeddable":true,"href":"https:\/\/linitiative.ca\/International\/wp-json\/wp\/v2\/comments?post=92512"}],"version-history":[{"count":0,"href":"https:\/\/linitiative.ca\/International\/wp-json\/wp\/v2\/posts\/92512\/revisions"}],"wp:featuredmedia":[{"embeddable":true,"href":"https:\/\/linitiative.ca\/International\/wp-json\/"}],"wp:attachment":[{"href":"https:\/\/linitiative.ca\/International\/wp-json\/wp\/v2\/media?parent=92512"}],"wp:term":[{"taxonomy":"category","embeddable":true,"href":"https:\/\/linitiative.ca\/International\/wp-json\/wp\/v2\/categories?post=92512"},{"taxonomy":"post_tag","embeddable":true,"href":"https:\/\/linitiative.ca\/International\/wp-json\/wp\/v2\/tags?post=92512"}],"curies":[{"name":"wp","href":"https:\/\/api.w.org\/{rel}","templated":true}]}}