{"id":92514,"date":"2020-07-16T10:41:10","date_gmt":"2020-07-16T14:41:10","guid":{"rendered":"https:\/\/linitiative.ca\/International\/les-jeunes-habitants-veulent-des-couleurs-de-beni-ammar-tout-en-eclat\/"},"modified":"2020-07-16T10:41:10","modified_gmt":"2020-07-16T14:41:10","slug":"les-jeunes-habitants-veulent-des-couleurs-de-beni-ammar-tout-en-eclat","status":"publish","type":"post","link":"https:\/\/linitiative.ca\/International\/les-jeunes-habitants-veulent-des-couleurs-de-beni-ammar-tout-en-eclat\/","title":{"rendered":"Les jeunes habitants veulent des \u00abCouleurs de Beni Ammar\u00bb tout en \u00e9clat"},"content":{"rendered":"<header>\n<\/header>\n<div class=\"entry-content clearfix\" readability=\"68\"><img decoding=\"async\" class=\"post_layout_5_img\" src=\"http:\/\/aujourdhui.ma\/wp-content\/uploads\/2020\/07\/Les-jeunes-habitants-veulent-des-\u00abCouleurs-de-Beni-Ammar\u00bb-tout-en-\u00e9clat.jpg\" alt=\"Les jeunes habitants veulent des &#xAB;Couleurs de Beni Ammar&#xBB; tout en &#xE9;clat\"\/><\/p>\n<p><span class=\"c6\"><span class=\"c5\"><strong>Ils avaient offert une cure de jouvence \u00e0 la kasbah<\/strong><\/span><span id=\"more-350765\"\/><\/span><\/p>\n<p>Apr\u00e8s environ un mois de la cure de jouvence offerte par ses jeunes habitants, la Kasbah Beni Ammar abritera une manifestation artistique appel\u00e9e \u00abCouleurs de Beni Ammar\u00bb (Alouan). Un \u00e9v\u00e9nement qui se tiendra du 6 au 9 ao\u00fbt, au lieu du 13\u00e8me Festibaz report\u00e9 pour l\u2019an prochain \u00e0 cause de la Covid-19, \u00e0 l\u2019initiative de l\u2019association \u00abIklaa\u00bb pour le d\u00e9veloppement int\u00e9gr\u00e9 avec la participation d\u2019artistes-peintres.<br \/>D\u2019ici l\u00e0, la joie des habitants \u00e9tait \u00e9ph\u00e9m\u00e8re selon cette association. De par l\u2019intervention d\u2019une soci\u00e9t\u00e9 qui a entrepris des travaux de r\u00e9paration du r\u00e9seau d\u2019eau potable dans la kasbah, cette cure de jouvence, donn\u00e9e par les jeunes, rassembl\u00e9s en \u00abmouvement bleu\u00bb, qui avaient pass\u00e9 trois mois pour nettoyer et garnir les ruelles de la kasbah, a disparu. En fait, la soci\u00e9t\u00e9 en question n\u2019a pas remis les ruelles et quartiers en bon \u00e9tat. Le tout sans boucher les trous. Chose qui a d\u00e9figur\u00e9 les fresques de la kasbah con\u00e7ues par les jeunes. Selon l\u2019association, \u00abcette r\u00e9paration ciblait le r\u00e9seau d\u2019eau potable qui a d\u00e9j\u00e0 fait l\u2019objet de pr\u00e9c\u00e9dentes interventions. Chose qui a d\u00e9t\u00e9rior\u00e9 le r\u00e9seau et d\u00e9truit les \u00e9gouts. Cela a occasionn\u00e9 des fuites dont ont souffert les habitants d\u2019anciennes demeures remontant \u00e0 l\u2019\u00e9poque m\u00e9rinide\u00bb.<\/p>\n<p>De leur c\u00f4t\u00e9, les habitants revendiquent la r\u00e9paration des pr\u00e9judices ayant touch\u00e9 les ruelles et places de la kasbah. Des endroits que les jeunes avaient color\u00e9s en bleu d\u2019azur et plantes. En plein confinement, cette action entreprise \u00e9galement en Ramadan par les jeunes du quartier Ouled Azzouz s\u2019est \u00e9largie pour englober les diff\u00e9rents quartiers de la kasbah avec l\u2019adh\u00e9sion de femmes, d\u2019hommes et enfants. \u00abAinsi, les efforts continus en peinture sont \u00e9galement consentis pour traiter les d\u00e9charges insalubres entass\u00e9es aux environs des trois entr\u00e9es de la kasbah. Ce traitement consiste \u00e9galement en l\u2019enfouissement des d\u00e9chets ou leur calcination\u00bb, pr\u00e9cise Mohmamed Belmou, pr\u00e9sident de l\u2019association Iklaa pour le d\u00e9veloppement int\u00e9gr\u00e9 \u00e0 la Kasbah Beni Ammar Zerhoun. Ces d\u00e9charges sont, comme il l\u2019explicite, dangereuses pour la sant\u00e9 des habitants, notamment ceux \u00e0 proximit\u00e9. Cela \u00e9tant, l\u2019initiative \u00abbleue\u00bb des jeunes de la Kasbah indique l\u2019enracinement de l\u2019action collective et volontaire dans cette contr\u00e9e.<\/p>\n<p>Au fil du temps, l\u2019association Iklaa pour le d\u00e9veloppement int\u00e9gr\u00e9 \u00e0 la Kasbah Beni Ammar Zerhoun a \u00e9galement vu le jour de par cette trempe solidaire. Cette structure initie le festival Beni Ammar Zerhoun (Festibaz) depuis une douzaine d\u2019\u00e9ditions avec le concours des jeunes habitants.<\/p>\n<\/div>\n<p>Auteur: Salima Guisser<br \/>\n<a href=\"https:\/\/aujourdhui.ma\/culture\/les-jeunes-habitants-veulent-des-couleurs-de-beni-ammar-tout-en-eclat\">Cliquez ici pour lire l&rsquo;article depuis sa source.<\/a><\/p>\n","protected":false},"excerpt":{"rendered":"<p>Ils avaient offert une cure de jouvence \u00e0 la kasbah Apr\u00e8s environ un mois de la cure de jouvence offerte par ses jeunes habitants, la Kasbah Beni Ammar abritera une manifestation artistique appel\u00e9e \u00abCouleurs de Beni Ammar\u00bb (Alouan). Un \u00e9v\u00e9nement qui se tiendra du 6 au 9 ao\u00fbt, au lieu du 13\u00e8me Festibaz report\u00e9 pour [&hellip;]<\/p>\n","protected":false},"author":1759,"featured_media":92515,"comment_status":"closed","ping_status":"closed","sticky":false,"template":"","format":"standard","meta":{"fifu_image_url":"","fifu_image_alt":"","footnotes":""},"categories":[73,54],"tags":[],"class_list":["post-92514","post","type-post","status-publish","format-standard","has-post-thumbnail","hentry","category-actualite","category-maroc"],"_links":{"self":[{"href":"https:\/\/linitiative.ca\/International\/wp-json\/wp\/v2\/posts\/92514","targetHints":{"allow":["GET"]}}],"collection":[{"href":"https:\/\/linitiative.ca\/International\/wp-json\/wp\/v2\/posts"}],"about":[{"href":"https:\/\/linitiative.ca\/International\/wp-json\/wp\/v2\/types\/post"}],"author":[{"embeddable":true,"href":"https:\/\/linitiative.ca\/International\/wp-json\/wp\/v2\/users\/1759"}],"replies":[{"embeddable":true,"href":"https:\/\/linitiative.ca\/International\/wp-json\/wp\/v2\/comments?post=92514"}],"version-history":[{"count":0,"href":"https:\/\/linitiative.ca\/International\/wp-json\/wp\/v2\/posts\/92514\/revisions"}],"wp:featuredmedia":[{"embeddable":true,"href":"https:\/\/linitiative.ca\/International\/wp-json\/"}],"wp:attachment":[{"href":"https:\/\/linitiative.ca\/International\/wp-json\/wp\/v2\/media?parent=92514"}],"wp:term":[{"taxonomy":"category","embeddable":true,"href":"https:\/\/linitiative.ca\/International\/wp-json\/wp\/v2\/categories?post=92514"},{"taxonomy":"post_tag","embeddable":true,"href":"https:\/\/linitiative.ca\/International\/wp-json\/wp\/v2\/tags?post=92514"}],"curies":[{"name":"wp","href":"https:\/\/api.w.org\/{rel}","templated":true}]}}