{"id":92516,"date":"2020-07-16T10:44:00","date_gmt":"2020-07-16T14:44:00","guid":{"rendered":"https:\/\/linitiative.ca\/International\/nassim-azarzar-explore-liconographie-qui-entoure-lunivers-des-camions\/"},"modified":"2020-07-16T10:44:00","modified_gmt":"2020-07-16T14:44:00","slug":"nassim-azarzar-explore-liconographie-qui-entoure-lunivers-des-camions","status":"publish","type":"post","link":"https:\/\/linitiative.ca\/International\/nassim-azarzar-explore-liconographie-qui-entoure-lunivers-des-camions\/","title":{"rendered":"Nassim Azarzar explore l\u2019iconographie  qui entoure l\u2019univers des camions"},"content":{"rendered":"<header>\n<div class=\"entry-post-meta\">\n<div class=\"author-link\">Publi\u00e9 par <a itemprop=\"author\" itemscope=\"\" itemtype=\"https:\/\/schema.org\/Person\" href=\"https:\/\/aujourdhui.ma\/author\/blio\" rel=\"author\"><span itemprop=\"name\">ALM<\/span><\/a><\/div>\n<p>Date\u00a0:<time content=\"2020-07-16T15:44:00+01:00\" class=\"entry-date updated\" datetime=\"2020-07-16T15:44:00+01:00\">juillet 16, 2020<\/time><\/p>\n<div class=\"entry-cat\">dans:<a href=\"https:\/\/aujourdhui.ma\/category\/culture\" rel=\"category tag\">Culture<\/a><\/div>\n<p>1Vues<\/p>\n<\/div>\n<\/header>\n<div class=\"entry-content clearfix\" readability=\"57\"><img decoding=\"async\" class=\"post_layout_5_img\" src=\"http:\/\/aujourdhui.ma\/wp-content\/uploads\/2020\/07\/ouevre-Nassim-Azarzar.jpg\" alt=\"Nassim Azarzar explore l&#x2019;iconographie qui entoure l&#x2019;univers des camions\"\/><\/p>\n<p><span class=\"c5\"><strong>Il pr\u00e9sente son travail de recherche au Kulte Gallery &amp; Editions<\/strong><\/span><br \/><span class=\"c6\"><span id=\"more-350780\"\/><\/span><\/p>\n<p>Le Kulte Gallery &amp; Editions situ\u00e9 \u00e0 Rabat accueille une s\u00e9rie d\u2019\u0153uvres de Nassim Azarzar. Cet artiste plasticien et graphiste a d\u00e9plac\u00e9 une partie de son atelier \u00e0 la galerie. Cet open studio nous plonge dans les recherches que l\u2019artiste a men\u00e9es pendant le confinement : l\u2019exploration plastique et filmique de l\u2019iconographie qui entoure l\u2019univers des camions. \u00abLa s\u00e9rie de peintures s\u2019inscrit dans la continuit\u00e9 d\u2019une recherche que je m\u00e8ne depuis 2018 puisant aux sources d\u2019une iconographie populaire et en mouvement, celle des peintures sur camions. Je prends inspiration de vieux livres du code de la route marocains, on y trouve toute une imagerie du paysage, explicitant diff\u00e9rentes situations que rencontrent les usagers de la route\u00bb, explique l\u2019artiste. Et d\u2019ajouter que \u00able choix des couleurs, ainsi que les \u00abfautes\u00bb de perspectives m\u2019ont tr\u00e8s vite int\u00e9ress\u00e9. Je retire les v\u00e9hicules et signalisations afin de reproduire simplement l\u2019architecture et le paysage en respectant au mieux les choix de couleur ainsi que les d\u00e9fauts de perspective.<\/p>\n<p>Cette s\u00e9rie est aussi li\u00e9e \u00e0 d\u2019autres exp\u00e9rimentations que je fais sur le paysage o\u00f9 j\u2019anime diff\u00e9rentes formes en papier sur une platine vinyl qui disparaissent par mouvement rotatif et qui sont restitu\u00e9es ensuite dans diff\u00e9rents cadres s\u2019apparentant \u00e0 des r\u00e9troviseurs ou fen\u00eatres\u00bb. En r\u00e9sonance aux peintures expos\u00e9es, l\u2019artiste pr\u00e9sente des \u00e9l\u00e9ments qui nourrissent sa recherche. Il sera pr\u00e9sent physiquement \u00e0 la galerie tout au long de l\u2019exposition pour aller \u00e0 la rencontre du public et nourrir sa recherche de ces \u00e9changes. Dipl\u00f4m\u00e9 de l\u2019\u00c9cole sup\u00e9rieure d\u2019art et de design d\u2019Orl\u00e9ans, cet artiste a cr\u00e9\u00e9 en 2014 l\u2019Atelier Superplus avec Guillaume de Ub\u00e9da avec qui il adopte une approche exp\u00e9rimentale du graphisme.<\/p>\n<p>Il cofonde en 2016 Think Tanger, plate-forme d\u00e9di\u00e9e \u00e0 l\u2019exploration des probl\u00e9matiques urbaines de la ville \u00e0 travers des projets op\u00e9rant au croisement de diff\u00e9rentes disciplines : arts visuels, design et recherche participative. Peu de temps apr\u00e8s il confonde l\u2019Atelier Kissaria avec l\u2019artiste Yto Barrada, d\u00e9di\u00e9 aux techniques d\u2019impressions artisanales.<\/p>\n<\/div>\n<p>Auteur: ALM<br \/>\n<a href=\"https:\/\/aujourdhui.ma\/culture\/nassim-azarzar-explore-liconographie-qui-entoure-lunivers-des-camions\">Cliquez ici pour lire l&rsquo;article depuis sa source.<\/a><\/p>\n","protected":false},"excerpt":{"rendered":"<p>Publi\u00e9 par ALM Date\u00a0:juillet 16, 2020 dans:Culture 1Vues Il pr\u00e9sente son travail de recherche au Kulte Gallery &amp; Editions Le Kulte Gallery &amp; Editions situ\u00e9 \u00e0 Rabat accueille une s\u00e9rie d\u2019\u0153uvres de Nassim Azarzar. Cet artiste plasticien et graphiste a d\u00e9plac\u00e9 une partie de son atelier \u00e0 la galerie. Cet open studio nous plonge dans [&hellip;]<\/p>\n","protected":false},"author":1759,"featured_media":92517,"comment_status":"closed","ping_status":"closed","sticky":false,"template":"","format":"standard","meta":{"fifu_image_url":"","fifu_image_alt":"","footnotes":""},"categories":[73,54],"tags":[],"class_list":["post-92516","post","type-post","status-publish","format-standard","has-post-thumbnail","hentry","category-actualite","category-maroc"],"_links":{"self":[{"href":"https:\/\/linitiative.ca\/International\/wp-json\/wp\/v2\/posts\/92516","targetHints":{"allow":["GET"]}}],"collection":[{"href":"https:\/\/linitiative.ca\/International\/wp-json\/wp\/v2\/posts"}],"about":[{"href":"https:\/\/linitiative.ca\/International\/wp-json\/wp\/v2\/types\/post"}],"author":[{"embeddable":true,"href":"https:\/\/linitiative.ca\/International\/wp-json\/wp\/v2\/users\/1759"}],"replies":[{"embeddable":true,"href":"https:\/\/linitiative.ca\/International\/wp-json\/wp\/v2\/comments?post=92516"}],"version-history":[{"count":0,"href":"https:\/\/linitiative.ca\/International\/wp-json\/wp\/v2\/posts\/92516\/revisions"}],"wp:featuredmedia":[{"embeddable":true,"href":"https:\/\/linitiative.ca\/International\/wp-json\/"}],"wp:attachment":[{"href":"https:\/\/linitiative.ca\/International\/wp-json\/wp\/v2\/media?parent=92516"}],"wp:term":[{"taxonomy":"category","embeddable":true,"href":"https:\/\/linitiative.ca\/International\/wp-json\/wp\/v2\/categories?post=92516"},{"taxonomy":"post_tag","embeddable":true,"href":"https:\/\/linitiative.ca\/International\/wp-json\/wp\/v2\/tags?post=92516"}],"curies":[{"name":"wp","href":"https:\/\/api.w.org\/{rel}","templated":true}]}}