{"id":92518,"date":"2020-07-16T03:39:58","date_gmt":"2020-07-16T07:39:58","guid":{"rendered":"https:\/\/linitiative.ca\/International\/malgre-une-baisse-des-revenus-adwya-stabilise-son-chiffre-daffaires\/"},"modified":"2020-07-16T03:39:58","modified_gmt":"2020-07-16T07:39:58","slug":"malgre-une-baisse-des-revenus-adwya-stabilise-son-chiffre-daffaires","status":"publish","type":"post","link":"https:\/\/linitiative.ca\/International\/malgre-une-baisse-des-revenus-adwya-stabilise-son-chiffre-daffaires\/","title":{"rendered":"Malgr\u00e9 une baisse des revenus : ADWYA stabilise son chiffre d\u2019affaires"},"content":{"rendered":"<p>La Soci\u00e9t\u00e9 ADWYA est arriv\u00e9e \u00e0 stabiliser son chiffre d\u2019affaires au 30 juin 2020 par rapport au premier semestre de 2019, \u00e0 44, 4 millions de dinars, malgr\u00e9 une baisse de ses revenus de 24% au deuxi\u00e8me trimestre de 2020, par rapport \u00e0 la m\u00eame p\u00e9riode de 2019, et ce gr\u00e2ce aux ventes sur le march\u00e9 local qui ont l\u00e9g\u00e8rement augment\u00e9 de 213 mille dinars, selon ses indicateurs d\u2019activit\u00e9 trimestriels publi\u00e9s sur le site du CMF. Ce r\u00e9sultat est l\u2019effet conjugu\u00e9 de la baisse du chiffre d\u2019affaires des produits sous licence de l\u2019ordre de 13%, essentiellement au cours du 2\u00e8me Trimestre (effet Covid-19) et de la baisse du chiffre d\u2019affaires de l\u2019Export et du Fa\u00e7onnage respectivement de 29% et 22% due essentiellement au retard d\u2019ouverture d\u2019une lettre de cr\u00e9dit \u00e0 l\u2019export et du report de commandes en fa\u00e7onnage \u00e0 la suite de la pand\u00e9mie du Covid-19 et \u00e0 la croissance respective des ventes des produits G\u00e9n\u00e9riques et Hospitaliers de 16% et 54%, par rapport \u00e0 2019.<\/p>\n<p>Les investissements de la soci\u00e9t\u00e9 ont atteint, \u00e0 fin juin 2020, 1396 mille dinars, destin\u00e9s essentiellement au renouvellement du mat\u00e9riel et outillages industriels.<\/p>\n<p>La structure de l\u2019endettement \u00e0 fin Juin 2020 s\u2019\u00e9l\u00e8ve \u00e0 29,7 MD, soit 10 MD additionnels par rapport \u00e0 mars 2020, essentiellement due \u00e0 la contraction d\u2019un cr\u00e9dit d\u2019investissement de 7 MD et un besoin suppl\u00e9mentaire de cr\u00e9dit de gestion pour l\u2019\u00e9quivalent de 3 MD.<\/p>\n<p>L\u2019effectif total de la soci\u00e9t\u00e9 \u00e0 fin juin 2020 est de 526 employ\u00e9s.<\/p>\n<div class=\"wp-post-author-wrap wp-post-author-shortcode left\">\n<h3 class=\"awpa-title\"\/>\n<div class=\"wp-post-author\">\n<div class=\"awpa-img awpa-author-block square\"><a href=\"http:\/\/lexpertjournal.net\/fr\/?author=5\"><img loading=\"lazy\" decoding=\"async\" alt=\"\" src=\"http:\/\/0.gravatar.com\/avatar\/97f8e10a1c1125ba104a76514ee07b16?s=150&amp;d=mm&amp;r=g\" srcset=\"http:\/\/0.gravatar.com\/avatar\/97f8e10a1c1125ba104a76514ee07b16?s=300&amp;d=mm&amp;r=g 2x\" class=\"avatar avatar-150 photo\" height=\"150\" width=\"150\"\/><\/a><\/div>\n<\/div>\n<\/div>\n<aside class=\"mashsb-container mashsb-main mashsb-stretched\">\n<\/aside>\n<p>Auteur: L&rsquo;expert<br \/>\n<a href=\"http:\/\/lexpertjournal.net\/fr\/?p=15770\">Cliquez ici pour lire l&rsquo;article depuis sa source.<\/a><\/p>\n","protected":false},"excerpt":{"rendered":"<p>La Soci\u00e9t\u00e9 ADWYA est arriv\u00e9e \u00e0 stabiliser son chiffre d\u2019affaires au 30 juin 2020 par rapport au premier semestre de 2019, \u00e0 44, 4 millions de dinars, malgr\u00e9 une baisse de ses revenus de 24% au deuxi\u00e8me trimestre de 2020, par rapport \u00e0 la m\u00eame p\u00e9riode de 2019, et ce gr\u00e2ce aux ventes sur le [&hellip;]<\/p>\n","protected":false},"author":1775,"featured_media":0,"comment_status":"closed","ping_status":"closed","sticky":false,"template":"","format":"standard","meta":{"fifu_image_url":"","fifu_image_alt":"","footnotes":""},"categories":[78,55],"tags":[],"class_list":["post-92518","post","type-post","status-publish","format-standard","hentry","category-economie","category-tunisie"],"_links":{"self":[{"href":"https:\/\/linitiative.ca\/International\/wp-json\/wp\/v2\/posts\/92518","targetHints":{"allow":["GET"]}}],"collection":[{"href":"https:\/\/linitiative.ca\/International\/wp-json\/wp\/v2\/posts"}],"about":[{"href":"https:\/\/linitiative.ca\/International\/wp-json\/wp\/v2\/types\/post"}],"author":[{"embeddable":true,"href":"https:\/\/linitiative.ca\/International\/wp-json\/wp\/v2\/users\/1775"}],"replies":[{"embeddable":true,"href":"https:\/\/linitiative.ca\/International\/wp-json\/wp\/v2\/comments?post=92518"}],"version-history":[{"count":0,"href":"https:\/\/linitiative.ca\/International\/wp-json\/wp\/v2\/posts\/92518\/revisions"}],"wp:attachment":[{"href":"https:\/\/linitiative.ca\/International\/wp-json\/wp\/v2\/media?parent=92518"}],"wp:term":[{"taxonomy":"category","embeddable":true,"href":"https:\/\/linitiative.ca\/International\/wp-json\/wp\/v2\/categories?post=92518"},{"taxonomy":"post_tag","embeddable":true,"href":"https:\/\/linitiative.ca\/International\/wp-json\/wp\/v2\/tags?post=92518"}],"curies":[{"name":"wp","href":"https:\/\/api.w.org\/{rel}","templated":true}]}}