{"id":92523,"date":"2020-07-16T13:03:14","date_gmt":"2020-07-16T17:03:14","guid":{"rendered":"https:\/\/linitiative.ca\/International\/deces-du-musicien-et-chef-dorchestre-chaabi-mohamed-ferkioui\/"},"modified":"2020-07-16T13:03:14","modified_gmt":"2020-07-16T17:03:14","slug":"deces-du-musicien-et-chef-dorchestre-chaabi-mohamed-ferkioui","status":"publish","type":"post","link":"https:\/\/linitiative.ca\/International\/deces-du-musicien-et-chef-dorchestre-chaabi-mohamed-ferkioui\/","title":{"rendered":"D\u00e9c\u00e8s du musicien et chef d&rsquo;orchestre ch\u00e2abi Mohamed Ferkioui"},"content":{"rendered":"<div readability=\"40\">\n<p><strong>ALGER- Le musicien et chef d&rsquo;orchestre ch\u00e2abi, Mohamed Ferkioui, \u00e9l\u00e8ve de Hadj Mhamed El Anka qui a inspir\u00e9 le projet de l&rsquo;orchestre et du film documentaire \u00ab\u00a0El Gusto\u00a0\u00bb, est d\u00e9c\u00e9d\u00e9 mercredi \u00e0 Alger, \u00e0 l&rsquo;\u00e2ge de 80 ans, des suites d&rsquo;une longue maladie, a-t-on appris aupr\u00e8s de ses proches.<\/strong><\/p>\n<\/div>\n<div readability=\"66.5\">\n<p>N\u00e9 en 1940 \u00e0 Alger, Mohamed Ferkioui avait fait ses premiers pas dans la musique au sein de l&rsquo;association \u00ab\u00a0El Fekhardjia\u00a0\u00bb avant d&rsquo;int\u00e9grer la premi\u00e8re classe de musique ch\u00e2abi dirig\u00e9e au conservatoire d&rsquo;Alger par Hadj Mhamed El Anka. Il a \u00e9galement fait partie, tr\u00e8s jeune, de la troupe du cardinal en qualit\u00e9 d&rsquo;accord\u00e9oniste puis de chef d&rsquo;orchestre \u00e0 la fin des ann\u00e9es 1950.<\/p>\n<blockquote readability=\"11\">\n<p><em><strong>Au lendemain de l&rsquo;ind\u00e9pendance, Mohamed Ferkioui, pianiste et accord\u00e9oniste, dirige les orchestres de grands noms de la musique alg\u00e9rienne dont le cardinal et Dahmane El Harrachi en plus de collaborer avec d&rsquo;autres chanteurs. Il est \u00e9galement connu dans la Casbah d&rsquo;Alger en tant que ma\u00eetre miroitier et artisan sp\u00e9cialis\u00e9 dans la fabrication de plusieurs objets d&rsquo;art dont les coffres.<\/strong><\/em><\/p>\n<\/blockquote>\n<p>Install\u00e9 dans l&rsquo;atelier de son p\u00e8re dans la basse Casbah, Mohamed Ferkioui a \u00e9t\u00e9 la catalyseur du projet \u00ab\u00a0El Gusto\u00a0\u00bb lors de sa rencontre avec l&rsquo;architecte alg\u00e9ro-irlandaise Safinez Bousbia en 2003 qui s&rsquo;efforce de r\u00e9unir les musiciens alg\u00e9rois, juifs et musulmans ayant fait partie de l&rsquo;orchestre et de la classe du cardinal au d\u00e9but des ann\u00e9es 1950.<\/p>\n<blockquote readability=\"14\">\n<p><em><strong>A partir de ce projet un orchestre a \u00e9t\u00e9 r\u00e9uni en 2006 avec 42 musiciens sur sc\u00e8ne gr\u00e2ce \u00e0 l&rsquo;aide de grands noms de la musique alg\u00e9rienne comme Cheikh Ahmed\u00a0 Bernaoui (disparu en 2011), El Hadi El Anka, Mustapha Tahmi ou encore Abdelmadjid Meskoud. A Paris et Marseille, les t\u00e9moignages de Robert Castel, Luc Cherki, Maurice El-Medioni et de Ren\u00e9 Perez, ont guid\u00e9\u00a0 Safinez Bousbia pour retrouver d&rsquo;autres musiciens.<\/strong><\/em><\/p>\n<\/blockquote>\n<p>Cette aventure s&rsquo;est finalement sold\u00e9e par un film documentaire prim\u00e9 \u00e0 l&rsquo;\u00e9tranger, l&rsquo;enregistrement d&rsquo;un album et une tourn\u00e9e internationale qui a emmen\u00e9 la troupe dans des pays comme la France, le Maroc, la Tunisie, la Suisse, la Belgique, les Etats-Unis ou encore les Pays-Bas.<\/p>\n<p>Mohamed Ferkioui sera inhum\u00e9 demain jeudi \u00e0 Ain Na\u00e2dja au cimeti\u00e8re d&rsquo;El Malha.<\/p>\n<\/div>\n<p>Auteur:<br \/>\n<a href=\"http:\/\/www.aps.dz\/culture\/107467-deces-du-musicien-et-chef-d-orchestre-chaabi-mohamed-ferkioui\">Cliquez ici pour lire l&rsquo;article depuis sa source.<\/a><\/p>\n","protected":false},"excerpt":{"rendered":"<p>ALGER- Le musicien et chef d&rsquo;orchestre ch\u00e2abi, Mohamed Ferkioui, \u00e9l\u00e8ve de Hadj Mhamed El Anka qui a inspir\u00e9 le projet de l&rsquo;orchestre et du film documentaire \u00ab\u00a0El Gusto\u00a0\u00bb, est d\u00e9c\u00e9d\u00e9 mercredi \u00e0 Alger, \u00e0 l&rsquo;\u00e2ge de 80 ans, des suites d&rsquo;une longue maladie, a-t-on appris aupr\u00e8s de ses proches. N\u00e9 en 1940 \u00e0 Alger, Mohamed [&hellip;]<\/p>\n","protected":false},"author":1790,"featured_media":0,"comment_status":"closed","ping_status":"closed","sticky":false,"template":"","format":"standard","meta":{"fifu_image_url":"","fifu_image_alt":"","footnotes":""},"categories":[53,79],"tags":[],"class_list":["post-92523","post","type-post","status-publish","format-standard","hentry","category-algerie","category-culture"],"_links":{"self":[{"href":"https:\/\/linitiative.ca\/International\/wp-json\/wp\/v2\/posts\/92523","targetHints":{"allow":["GET"]}}],"collection":[{"href":"https:\/\/linitiative.ca\/International\/wp-json\/wp\/v2\/posts"}],"about":[{"href":"https:\/\/linitiative.ca\/International\/wp-json\/wp\/v2\/types\/post"}],"author":[{"embeddable":true,"href":"https:\/\/linitiative.ca\/International\/wp-json\/wp\/v2\/users\/1790"}],"replies":[{"embeddable":true,"href":"https:\/\/linitiative.ca\/International\/wp-json\/wp\/v2\/comments?post=92523"}],"version-history":[{"count":0,"href":"https:\/\/linitiative.ca\/International\/wp-json\/wp\/v2\/posts\/92523\/revisions"}],"wp:attachment":[{"href":"https:\/\/linitiative.ca\/International\/wp-json\/wp\/v2\/media?parent=92523"}],"wp:term":[{"taxonomy":"category","embeddable":true,"href":"https:\/\/linitiative.ca\/International\/wp-json\/wp\/v2\/categories?post=92523"},{"taxonomy":"post_tag","embeddable":true,"href":"https:\/\/linitiative.ca\/International\/wp-json\/wp\/v2\/tags?post=92523"}],"curies":[{"name":"wp","href":"https:\/\/api.w.org\/{rel}","templated":true}]}}