{"id":92536,"date":"2020-07-16T09:36:43","date_gmt":"2020-07-16T13:36:43","guid":{"rendered":"https:\/\/linitiative.ca\/International\/tourisme-durable-le-coup-de-pouce-suisse\/"},"modified":"2020-07-16T09:36:43","modified_gmt":"2020-07-16T13:36:43","slug":"tourisme-durable-le-coup-de-pouce-suisse","status":"publish","type":"post","link":"https:\/\/linitiative.ca\/International\/tourisme-durable-le-coup-de-pouce-suisse\/","title":{"rendered":"Tourisme durable: Le coup de pouce suisse"},"content":{"rendered":"<div class=\"author\" readability=\"5.7931034482759\"> Par <a href=\"\/content\/jihad-rizk\">Jihad RIZK <\/a> <a href=\"\/node\/\"> <\/a> | Edition N\u00b0:5805 Le 16\/07\/2020 | Partager <\/div>\n<div class=\"body\">\n<div class=\"field field-name-body field-type-text-with-summary field-label-hidden\">\n<div class=\"field-items\" readability=\"9.5\">\n<div class=\"field-item even\" property=\"content:encoded\" readability=\"14\">\n<p class=\"rtejustify\">Le Maroc et la Suisse ont officialis\u00e9 mercredi 15 juillet 2020 un accord pour le d\u00e9veloppement du tourisme durable dans\u00a0 la R\u00e9gion de Beni Mellal- Khenifra. Il\u00a0 s\u2019agira notamment de d\u00e9ployer une plateforme de coordination pour le d\u00e9veloppement du Tourisme durable au niveau de la r\u00e9gion, de renforcer la comp\u00e9titivit\u00e9 et l\u2019acc\u00e8s aux march\u00e9s de certains secteurs inclus dans la cha\u00eene de valeur du tourisme (am\u00e9lioration de l\u2019infrastructure des h\u00e9bergements et des capacit\u00e9s d\u2019accueil, renforcement des capacit\u00e9s des coop\u00e9ratives dans les secteurs pertinents pour le d\u00e9veloppement du tourisme, en particulier les coop\u00e9ratives de femmes), d\u2019am\u00e9liorer la gestion des g\u00eetes et de l\u2019accueil des visiteurs dans le respect des principes de durabilit\u00e9 ; ou encore de d\u00e9velopper de nouvelles formations pour des activit\u00e9s professionnelles et le d\u00e9veloppement de nouveaux m\u00e9tiers dict\u00e9s en lien avec la conjoncture Post-Covid.<br \/><em>\u00a0J.R.<\/em><\/p>\n<\/div>\n<\/div>\n<\/div>\n<\/div>\n<div class=\"eco-conseil\">\n<div class=\"view view-eco-conseil-16 view-id-eco_conseil_16 view-display-id-cookies view-dom-id-d3ee2056144fbb9eb904cf97df736287\">\n<div class=\"view-content\">\n<div id=\"views-bootstrap-grid-1\" class=\"views-bootstrap-grid-plugin-style\">\n<div class=\"row\">\n<div class=\" col-xs-12 col-lg-4\">\n<div class=\"row\">\n<div class=\"col col-xs-12 col-lg-12\">\n<div class=\"field-content\"><a href=\"\/article\/1064827-dinar-algerien-baisse-record\"><img loading=\"lazy\" decoding=\"async\" class=\"img-responsive\" typeof=\"foaf:Image\" src=\"https:\/\/www.leconomiste.com\/sites\/default\/files\/eco7\/public\/styles\/800x400\/public\/default_images\/default_une.jpg?itok=4jZlgnIZ\" width=\"660\" height=\"330\" alt=\"\"\/><\/a><\/div>\n<\/div>\n<div class=\" title_suite_2 col col-xs-12 col-lg-12\"> <a href=\"\/article\/1064827-dinar-algerien-baisse-record\"\/><span class=\"field-content\">Dinar alg\u00e9rien: baisse record<\/span><\/div>\n<\/div>\n<\/div>\n<div class=\" col-xs-12 col-lg-4\">\n<div class=\"row\">\n<div class=\"col col-xs-12 col-lg-12\">\n<div class=\"field-content\"><a href=\"\/article\/1064826-un-fonds-pour-le-micro-credit\"><img loading=\"lazy\" decoding=\"async\" class=\"img-responsive\" typeof=\"foaf:Image\" src=\"https:\/\/www.leconomiste.com\/sites\/default\/files\/eco7\/public\/styles\/800x400\/public\/default_images\/default_une.jpg?itok=4jZlgnIZ\" width=\"660\" height=\"330\" alt=\"\"\/><\/a><\/div>\n<\/div>\n<div class=\" title_suite_2 col col-xs-12 col-lg-12\"> <a href=\"\/article\/1064826-un-fonds-pour-le-micro-credit\"\/><span class=\"field-content\">Un fonds pour le micro-cr\u00e9dit<\/span><\/div>\n<\/div>\n<\/div>\n<div class=\" col-xs-12 col-lg-4\">\n<div class=\"row\">\n<div class=\"col col-xs-12 col-lg-12\">\n<div class=\"field-content\"><a href=\"\/article\/1064825-la-banque-islamique-en-ligne\"><img loading=\"lazy\" decoding=\"async\" class=\"img-responsive\" typeof=\"foaf:Image\" src=\"https:\/\/www.leconomiste.com\/sites\/default\/files\/eco7\/public\/styles\/800x400\/public\/default_images\/default_une.jpg?itok=4jZlgnIZ\" width=\"660\" height=\"330\" alt=\"\"\/><\/a><\/div>\n<\/div>\n<div class=\" title_suite_2 col col-xs-12 col-lg-12\"> <a href=\"\/article\/1064825-la-banque-islamique-en-ligne\"\/><span class=\"field-content\">La banque islamique en ligne<\/span><\/div>\n<\/div>\n<\/div>\n<\/div>\n<\/div>\n<\/div>\n<\/div>\n<\/div>\n<p>Auteur: hlafriqi<br \/>\n<a href=\"https:\/\/www.leconomiste.com\/article\/1064823-tourisme-durable-le-coup-de-pouce-suisse\">Cliquez ici pour lire l&rsquo;article depuis sa source.<\/a><\/p>\n","protected":false},"excerpt":{"rendered":"<p>Par Jihad RIZK | Edition N\u00b0:5805 Le 16\/07\/2020 | Partager Le Maroc et la Suisse ont officialis\u00e9 mercredi 15 juillet 2020 un accord pour le d\u00e9veloppement du tourisme durable dans\u00a0 la R\u00e9gion de Beni Mellal- Khenifra. Il\u00a0 s\u2019agira notamment de d\u00e9ployer une plateforme de coordination pour le d\u00e9veloppement du Tourisme durable au niveau de la [&hellip;]<\/p>\n","protected":false},"author":1763,"featured_media":0,"comment_status":"closed","ping_status":"closed","sticky":false,"template":"","format":"standard","meta":{"fifu_image_url":"","fifu_image_alt":"","footnotes":""},"categories":[78,54],"tags":[],"class_list":["post-92536","post","type-post","status-publish","format-standard","hentry","category-economie","category-maroc"],"_links":{"self":[{"href":"https:\/\/linitiative.ca\/International\/wp-json\/wp\/v2\/posts\/92536","targetHints":{"allow":["GET"]}}],"collection":[{"href":"https:\/\/linitiative.ca\/International\/wp-json\/wp\/v2\/posts"}],"about":[{"href":"https:\/\/linitiative.ca\/International\/wp-json\/wp\/v2\/types\/post"}],"author":[{"embeddable":true,"href":"https:\/\/linitiative.ca\/International\/wp-json\/wp\/v2\/users\/1763"}],"replies":[{"embeddable":true,"href":"https:\/\/linitiative.ca\/International\/wp-json\/wp\/v2\/comments?post=92536"}],"version-history":[{"count":0,"href":"https:\/\/linitiative.ca\/International\/wp-json\/wp\/v2\/posts\/92536\/revisions"}],"wp:attachment":[{"href":"https:\/\/linitiative.ca\/International\/wp-json\/wp\/v2\/media?parent=92536"}],"wp:term":[{"taxonomy":"category","embeddable":true,"href":"https:\/\/linitiative.ca\/International\/wp-json\/wp\/v2\/categories?post=92536"},{"taxonomy":"post_tag","embeddable":true,"href":"https:\/\/linitiative.ca\/International\/wp-json\/wp\/v2\/tags?post=92536"}],"curies":[{"name":"wp","href":"https:\/\/api.w.org\/{rel}","templated":true}]}}