{"id":92539,"date":"2020-07-16T09:40:07","date_gmt":"2020-07-16T13:40:07","guid":{"rendered":"https:\/\/linitiative.ca\/International\/un-fonds-pour-le-micro-credit\/"},"modified":"2020-07-16T09:40:07","modified_gmt":"2020-07-16T13:40:07","slug":"un-fonds-pour-le-micro-credit","status":"publish","type":"post","link":"https:\/\/linitiative.ca\/International\/un-fonds-pour-le-micro-credit\/","title":{"rendered":"Un fonds pour le micro-cr\u00e9dit"},"content":{"rendered":"<div class=\"author\" readability=\"5.6949152542373\"> Par <a href=\"\/content\/nadia-salah\">Nadia SALAH<\/a> <a href=\"\/node\/\"> <\/a> | Edition N\u00b0:5805 Le 16\/07\/2020 | Partager <\/div>\n<div class=\"body\">\n<div class=\"field field-name-body field-type-text-with-summary field-label-hidden\">\n<div class=\"field-items\" readability=\"11.5\">\n<div class=\"field-item even\" property=\"content:encoded\" readability=\"18\">\n<p class=\"rtejustify\">A la demande de la F\u00e9d\u00e9ration nationale des associations de microcr\u00e9dit, FNAM pr\u00e9sid\u00e9e par le Pr. Ahmed Ghazali, un fonds sp\u00e9cial sera cr\u00e9\u00e9 pour la micro-finance. Ce projet est appuy\u00e9 par Bank al Maghrib. Ce fonds pourrait \u00eatre abond\u00e9 jusqu\u2019\u00e0 750 millions de DH. Il pr\u00eaterait main forte \u00e0 des associations traversant une mauvaise passe du fait de l\u2019arr\u00eat des activit\u00e9s durant la crise de la Coronavirus. Ceci ne devrait pas concerner les organisations en difficult\u00e9 avant la crise. Pour elles, l\u2019id\u00e9e, pas encore formalis\u00e9e, serait de les associer \u00e0 des institutions plus solides et plus grandes. Une telle option est souvent propos\u00e9e par la Banque centrale en cas de risque de faillite, pr\u00e9cis\u00e9ment pour ne pas aller \u00e0 la faillite. Ce fut le cas de Zakoura, la toute premi\u00e8re \u00e0 financer des activit\u00e9s cr\u00e9atrices de revenu, d\u00e8s 1996. Elle a \u00e9t\u00e9 confi\u00e9e \u00e0 la Banque populaire. Pour comprendre l\u2019\u00e9chelle \u00e9lev\u00e9e des micro-cr\u00e9dits au Maroc: ils sont utilis\u00e9s par plus d\u2019un million et demi d\u2019emprunteurs pauvres.<br \/><em>N.S.<\/em><\/p>\n<\/div>\n<\/div>\n<\/div>\n<\/div>\n<div class=\"eco-conseil\">\n<div class=\"view view-eco-conseil-16 view-id-eco_conseil_16 view-display-id-cookies view-dom-id-5c1dc3eb55dd7c01fcafa287a50835ab\">\n<div class=\"view-content\">\n<div id=\"views-bootstrap-grid-1\" class=\"views-bootstrap-grid-plugin-style\">\n<div class=\"row\">\n<div class=\" col-xs-12 col-lg-4\">\n<div class=\"row\">\n<div class=\"col col-xs-12 col-lg-12\">\n<div class=\"field-content\"><a href=\"\/article\/1064827-dinar-algerien-baisse-record\"><img loading=\"lazy\" decoding=\"async\" class=\"img-responsive\" typeof=\"foaf:Image\" src=\"https:\/\/www.leconomiste.com\/sites\/default\/files\/eco7\/public\/styles\/800x400\/public\/default_images\/default_une.jpg?itok=4jZlgnIZ\" width=\"660\" height=\"330\" alt=\"\"\/><\/a><\/div>\n<\/div>\n<div class=\" title_suite_2 col col-xs-12 col-lg-12\"> <a href=\"\/article\/1064827-dinar-algerien-baisse-record\"\/><span class=\"field-content\">Dinar alg\u00e9rien: baisse record<\/span><\/div>\n<\/div>\n<\/div>\n<div class=\" col-xs-12 col-lg-4\">\n<div class=\"row\">\n<div class=\"col col-xs-12 col-lg-12\">\n<div class=\"field-content\"><a href=\"\/article\/1064825-la-banque-islamique-en-ligne\"><img loading=\"lazy\" decoding=\"async\" class=\"img-responsive\" typeof=\"foaf:Image\" src=\"https:\/\/www.leconomiste.com\/sites\/default\/files\/eco7\/public\/styles\/800x400\/public\/default_images\/default_une.jpg?itok=4jZlgnIZ\" width=\"660\" height=\"330\" alt=\"\"\/><\/a><\/div>\n<\/div>\n<div class=\" title_suite_2 col col-xs-12 col-lg-12\"> <a href=\"\/article\/1064825-la-banque-islamique-en-ligne\"\/><span class=\"field-content\">La banque islamique en ligne<\/span><\/div>\n<\/div>\n<\/div>\n<div class=\" col-xs-12 col-lg-4\">\n<div class=\"row\">\n<div class=\"col col-xs-12 col-lg-12\">\n<div class=\"field-content\"><a href=\"\/article\/1064824-le-tresor-se-finance-sur-le-tres-court-terme\"><img loading=\"lazy\" decoding=\"async\" class=\"img-responsive\" typeof=\"foaf:Image\" src=\"https:\/\/www.leconomiste.com\/sites\/default\/files\/eco7\/public\/styles\/800x400\/public\/default_images\/default_une.jpg?itok=4jZlgnIZ\" width=\"660\" height=\"330\" alt=\"\"\/><\/a><\/div>\n<\/div>\n<div class=\" title_suite_2 col col-xs-12 col-lg-12\"> <a href=\"\/article\/1064824-le-tresor-se-finance-sur-le-tres-court-terme\"\/><span class=\"field-content\">Le Tr\u00e9sor se finance sur le tr\u00e8s court terme<\/span><\/div>\n<\/div>\n<\/div>\n<\/div>\n<\/div>\n<\/div>\n<\/div>\n<\/div>\n<p>Auteur: hlafriqi<br \/>\n<a href=\"https:\/\/www.leconomiste.com\/article\/1064826-un-fonds-pour-le-micro-credit\">Cliquez ici pour lire l&rsquo;article depuis sa source.<\/a><\/p>\n","protected":false},"excerpt":{"rendered":"<p>Par Nadia SALAH | Edition N\u00b0:5805 Le 16\/07\/2020 | Partager A la demande de la F\u00e9d\u00e9ration nationale des associations de microcr\u00e9dit, FNAM pr\u00e9sid\u00e9e par le Pr. Ahmed Ghazali, un fonds sp\u00e9cial sera cr\u00e9\u00e9 pour la micro-finance. Ce projet est appuy\u00e9 par Bank al Maghrib. Ce fonds pourrait \u00eatre abond\u00e9 jusqu\u2019\u00e0 750 millions de DH. Il [&hellip;]<\/p>\n","protected":false},"author":1763,"featured_media":0,"comment_status":"closed","ping_status":"closed","sticky":false,"template":"","format":"standard","meta":{"fifu_image_url":"","fifu_image_alt":"","footnotes":""},"categories":[78,54],"tags":[],"class_list":["post-92539","post","type-post","status-publish","format-standard","hentry","category-economie","category-maroc"],"_links":{"self":[{"href":"https:\/\/linitiative.ca\/International\/wp-json\/wp\/v2\/posts\/92539","targetHints":{"allow":["GET"]}}],"collection":[{"href":"https:\/\/linitiative.ca\/International\/wp-json\/wp\/v2\/posts"}],"about":[{"href":"https:\/\/linitiative.ca\/International\/wp-json\/wp\/v2\/types\/post"}],"author":[{"embeddable":true,"href":"https:\/\/linitiative.ca\/International\/wp-json\/wp\/v2\/users\/1763"}],"replies":[{"embeddable":true,"href":"https:\/\/linitiative.ca\/International\/wp-json\/wp\/v2\/comments?post=92539"}],"version-history":[{"count":0,"href":"https:\/\/linitiative.ca\/International\/wp-json\/wp\/v2\/posts\/92539\/revisions"}],"wp:attachment":[{"href":"https:\/\/linitiative.ca\/International\/wp-json\/wp\/v2\/media?parent=92539"}],"wp:term":[{"taxonomy":"category","embeddable":true,"href":"https:\/\/linitiative.ca\/International\/wp-json\/wp\/v2\/categories?post=92539"},{"taxonomy":"post_tag","embeddable":true,"href":"https:\/\/linitiative.ca\/International\/wp-json\/wp\/v2\/tags?post=92539"}],"curies":[{"name":"wp","href":"https:\/\/api.w.org\/{rel}","templated":true}]}}