{"id":92551,"date":"2020-07-16T06:50:00","date_gmt":"2020-07-16T10:50:00","guid":{"rendered":"https:\/\/linitiative.ca\/International\/covid-19reconduction-des-mesures-de-confinement-partiel-dans-29-wilayas\/"},"modified":"2020-07-16T06:50:00","modified_gmt":"2020-07-16T10:50:00","slug":"covid-19reconduction-des-mesures-de-confinement-partiel-dans-29-wilayas","status":"publish","type":"post","link":"https:\/\/linitiative.ca\/International\/covid-19reconduction-des-mesures-de-confinement-partiel-dans-29-wilayas\/","title":{"rendered":"Covid-19:Reconduction des mesures de confinement partiel dans 29 wilayas"},"content":{"rendered":"<p>\u00ab\u00a0Apr\u00e8s consultation du comit\u00e9 scientifique et de l\u2019autorit\u00e9 sanitaire et l\u2019\u00e9valuation de la situation sanitaire \u00e0 travers le territoire nationale faisant ressortir l\u2019accroissement de la vitesse de propagation de l\u2019\u00e9pid\u00e9mie du Coronavirus COVID-19, le Premier Ministre, Monsieur Abdelaziz Djerad et apr\u00e8s accord de Monsieur le Pr\u00e9sident de la R\u00e9publique, a d\u00e9cid\u00e9 la prorogation des mesures \u00e9dict\u00e9es par les dispositions du d\u00e9cret ex\u00e9cutif n\u00a0 20-182 du 17 Dhou El Ka\u00e2da 1441 correspondant au 9 juillet 2020 portant consolidation du dispositif de pr\u00e9vention et de lutte contre la propagation du Coronavirus (COVID-19).<\/p>\n<p>Il s\u2019agit de:<\/p>\n<p>1-\u00a0La reconduction, \u00e0 partir de samedi prochain et pour une dur\u00e9e de 10 jours, de la mesure de confinement partiel \u00e0 domicile, de vingt (20) heures jusqu\u2019au lendemain \u00e0 cinq (5) heures du matin concernant les wilayas d\u2019Adrar, Chlef, Laghouat, Oum El Bouaghi, Batna, Beja\u00efa, Biskra, B\u00e9char, Blida, Bouira, Alger, Djelfa, S\u00e9tif, Sidi Bel Abb\u00e8s, Annaba, Constantine, M\u00e9d\u00e9a, M\u2019Sila, Mascara, Ouargla, Oran, Bordj Bou Arr\u00e9ridj, Boumerd\u00e8s, Tissemsilt, El Oued, Khenchela, Souk Ahras, Tipaza et Relizane.<\/p>\n<p>2-\u00a0La reconduction, pour une dur\u00e9e de 10 jours,\u00a0de l\u2019interdiction de la circulation routi\u00e8re, y compris des v\u00e9hicules particuliers, de et vers les wilayas\u00a0d\u2019Adrar, Chlef, Laghouat, Oum El Bouaghi, Batna, B\u00e9ja\u00efa, Biskra, B\u00e9char, Blida, Bouira, Alger, Djelfa, S\u00e9tif, Sidi Bel Abb\u00e8s, Annaba, Constantine, M\u00e9d\u00e9a, M\u2019Sila, Mascara, Ouargla, Oran, Bordj Bou Arr\u00e9ridj, Boumerd\u00e8s, Tissemsilt, El Oued, Khenchela, Souk Ahras, Tipaza et Relizane.<\/p>\n<p>Ne sont pas concern\u00e9s par cette mesure, le transport des personnels et le transport des marchandises.<\/p>\n<p>3-\u00a0La reconduction de la mesure de suspension de l\u2019activit\u00e9 de transport urbain des personnes public et priv\u00e9 durant les week-ends\u00a0dans les 29 wilayas cit\u00e9es pr\u00e9c\u00e9demment.<\/p>\n<p>4-\u00a0Le maintien de la pr\u00e9rogative donn\u00e9e aux walis de prendre, apr\u00e8s accord des autorit\u00e9s comp\u00e9tentes,\u00a0toutes les mesures qu\u2019exige la situation sanitaire de chaque wilaya, notamment l\u2019instauration, la modification ou la modulation des horaires, de la mesure de confinement \u00e0 domicile partiel ou total cibl\u00e9 d\u2019une ou de plusieurs communes, localit\u00e9s ou quartiers connaissant des foyers de contamination.<\/p>\n<p>5- Le maintien de la pr\u00e9rogative donn\u00e9e aux walis d\u2019accorder, en cas de n\u00e9cessit\u00e9 ou pour les situations exceptionnelles, des autorisations de circuler.<\/p>\n<p>6-\u00a0La poursuite des op\u00e9rations de d\u00e9sinfection des espaces et lieux publics\u00a0\u00e0 travers toutes les wilayas.<\/p>\n<p>7- L\u2019intensification des campagnes de communication et de sensibilisation des citoyens au niveau des quartiers en associant les associations et les comit\u00e9s de quartiers pour faire prendre conscience aux citoyens le respect des protocoles sanitaires en vigueur, notamment le respect des mesures d\u2019hygi\u00e8ne et des gestes barri\u00e8res, le port du masque obligatoire et la distanciation physique.<\/p>\n<p>A cette occasion,\u00a0le Gouvernement r\u00e9it\u00e8re son appel \u00e0 la mobilisation des citoyens dans la gestion de la crise sanitaire\u00a0que connait notre pays, qui\u00a0doivent prendre leur responsabilit\u00e9 et faire preuve de discipline et de solidarit\u00e9 pour le strict respect de toutes les mesures pr\u00e9conis\u00e9es pour la pr\u00e9vention et la lutte contre cette \u00e9pid\u00e9mie mondiale\u00a0\u00bb.<\/p>\n<p>Auteur: elmoudjahid<br \/>\n<a href=\"http:\/\/www.elmoudjahid.com\/fr\/actualites\/156335\">Cliquez ici pour lire l&rsquo;article depuis sa source.<\/a><\/p>\n","protected":false},"excerpt":{"rendered":"<p>\u00ab\u00a0Apr\u00e8s consultation du comit\u00e9 scientifique et de l\u2019autorit\u00e9 sanitaire et l\u2019\u00e9valuation de la situation sanitaire \u00e0 travers le territoire nationale faisant ressortir l\u2019accroissement de la vitesse de propagation de l\u2019\u00e9pid\u00e9mie du Coronavirus COVID-19, le Premier Ministre, Monsieur Abdelaziz Djerad et apr\u00e8s accord de Monsieur le Pr\u00e9sident de la R\u00e9publique, a d\u00e9cid\u00e9 la prorogation des mesures [&hellip;]<\/p>\n","protected":false},"author":1744,"featured_media":0,"comment_status":"closed","ping_status":"closed","sticky":false,"template":"","format":"standard","meta":{"fifu_image_url":"","fifu_image_alt":"","footnotes":""},"categories":[73,53],"tags":[],"class_list":["post-92551","post","type-post","status-publish","format-standard","hentry","category-actualite","category-algerie"],"_links":{"self":[{"href":"https:\/\/linitiative.ca\/International\/wp-json\/wp\/v2\/posts\/92551","targetHints":{"allow":["GET"]}}],"collection":[{"href":"https:\/\/linitiative.ca\/International\/wp-json\/wp\/v2\/posts"}],"about":[{"href":"https:\/\/linitiative.ca\/International\/wp-json\/wp\/v2\/types\/post"}],"author":[{"embeddable":true,"href":"https:\/\/linitiative.ca\/International\/wp-json\/wp\/v2\/users\/1744"}],"replies":[{"embeddable":true,"href":"https:\/\/linitiative.ca\/International\/wp-json\/wp\/v2\/comments?post=92551"}],"version-history":[{"count":0,"href":"https:\/\/linitiative.ca\/International\/wp-json\/wp\/v2\/posts\/92551\/revisions"}],"wp:attachment":[{"href":"https:\/\/linitiative.ca\/International\/wp-json\/wp\/v2\/media?parent=92551"}],"wp:term":[{"taxonomy":"category","embeddable":true,"href":"https:\/\/linitiative.ca\/International\/wp-json\/wp\/v2\/categories?post=92551"},{"taxonomy":"post_tag","embeddable":true,"href":"https:\/\/linitiative.ca\/International\/wp-json\/wp\/v2\/tags?post=92551"}],"curies":[{"name":"wp","href":"https:\/\/api.w.org\/{rel}","templated":true}]}}