{"id":92579,"date":"2020-07-16T12:00:16","date_gmt":"2020-07-16T16:00:16","guid":{"rendered":"https:\/\/linitiative.ca\/International\/maroc-preparer-lavenir-edito\/"},"modified":"2020-07-16T12:00:16","modified_gmt":"2020-07-16T16:00:16","slug":"maroc-preparer-lavenir-edito","status":"publish","type":"post","link":"https:\/\/linitiative.ca\/International\/maroc-preparer-lavenir-edito\/","title":{"rendered":"Maroc : pr\u00e9parer l\u2019avenir [\u00c9dito]"},"content":{"rendered":"<p><strong>Le ministre des Finances nous a accord\u00e9 une tr\u00e8s longue interview. Il y d\u00e9taille les contraintes et les mesures qui sont prises pour soutenir la consommation et l\u2019investissement et permettre le red\u00e9marrage de l\u2019\u00e9conomie. Les d\u00e9bats au parlement sur la loi de finances rectificative ont \u00e9t\u00e9 int\u00e9ressants. L\u2019angoisse c\u2019est la question de qu\u2019est-ce que l\u2019on fait apr\u00e8s\u00a0?<\/strong><\/p>\n<div class=\"c10\"\/>\n<p>Nous devons absolument \u00e9tablir des priorit\u00e9s, une vision des nouveaux secteurs que l\u2019on veut impulser, de ce que l\u2019on peut proposer aux jeunes en termes de formation, de soutien au premier emploi, de ce que l\u2019on met comme moyens pour la sant\u00e9 et l\u2019\u00e9ducation, du r\u00f4le de l\u2019investissement public dans le d\u00e9veloppement des r\u00e9gions et du r\u00f4le que nous voulons assigner \u00e0 la culture. Toutes ces questions sont \u00e9lud\u00e9es au profit d\u2019une approche comptable. Nous verrons si en octobre prochain le projet de loi de finances 2021 rectifiera le tir.<\/p>\n<p><strong>Lire aussi |<\/strong> <a rel=\"noreferrer noopener\" aria-label=\"Projet de loi de finances rectificative : le &#xAB; choc fiscal &#xBB; (opens in a new tab)\" href=\"https:\/\/www.challenge.ma\/projet-de-loi-de-finances-rectificative-le-choc-fiscal-149045\/\" target=\"_blank\"><strong>Projet de loi de finances rectificative : le \u00ab choc fiscal \u00bb<\/strong><\/a><\/p>\n<p>Le secteur du tourisme sait d\u00e9sormais ce que l\u2019\u00c9tat est pr\u00eat \u00e0 faire pour lui. 16 milliards de DH, ce n\u2019est pas rien, c\u2019est m\u00eame un effort historique. L\u2019ensemble du dispositif est bien charpent\u00e9 parce qu\u2019il concerne l\u2019ensemble des strates du secteur et qu\u2019il ne manque pas de coh\u00e9rence. Ce secteur est d\u00e9vast\u00e9 et c\u2019est une illusion de croire qu\u2019il trouvera sa sant\u00e9 dans quelques mois. Mais pour sauver la situation, il faut donner de la visibilit\u00e9. Les h\u00f4teliers doivent savoir \u00e0 quelle date les fronti\u00e8res seront ouvertes pour tenter de convaincre les tours-op\u00e9rateurs de commercialiser le produit national. C\u2019est une urgence.<\/p>\n<p><strong>Lire aussi | <a href=\"https:\/\/www.challenge.ma\/tourisme-16-milliards-de-dh-pour-relancer-le-secteur-149185\/\" target=\"_blank\" rel=\"noreferrer noopener\" aria-label=\"Tourisme : 16 milliards de DH pour relancer le secteur (opens in a new tab)\">Tourisme : 16 milliards de DH pour relancer le secteur<\/a><\/strong><\/p>\n<p>Les r\u00e9sultats du baccalaur\u00e9at donnent un bon chiffre : 63% de re\u00e7us. On peut ergoter sur les conditions de l\u2019ann\u00e9e scolaire. Mais un fait divers tragique nous rappelle que la valeur de ce dipl\u00f4me est contest\u00e9e par le syst\u00e8me. Une jeune fille re\u00e7ue avec 16,20 s\u2019est suicid\u00e9e. Elle avait des ambitions et devait donc avoir un 18. Une telle pression est inhumaine.<\/p>\n<div class=\"vw-sticky-sidebar-wrapper vw-sticky-sidebar widget_text awac-wrapper widget_text awac widget custom_html-4 textwidget custom-html-widget\">\n<p class=\"has-background c12\"><span class=\"widget-title c11\">Tribune et D\u00e9bats<\/span><\/p>\n<p>La tribune qui vous parle d\u2019une actu, d\u2019un sujet qui fait d\u00e9bat, les traitent et les analysent. \u00c9conomistes et autres experts, patrons d\u2019entreprises, d\u00e9cideurs, acteurs de la soci\u00e9t\u00e9 civile, s\u2019y prononcent et contribuent \u00e0 sa grande richesse. Vous avez votre opinion, convergente ou diff\u00e9rente. Exprimez-la et mesurez-vous ainsi \u00e0 nos tribuns et d\u00e9batteurs.<\/p>\n<p>Envoyez vos analyses \u00e0 : <a href=\"\/cdn-cgi\/l\/email-protection#73101c1d0712100733101b121f1f161d14165d1e12\"><span class=\"__cf_email__\" data-cfemail=\"a0c3cfced4c1c3d4e0c3c8c1ccccc5cec7c58ecdc1\">[email\u00a0protected]<\/span><\/a>, en pr\u00e9cisant votre nom, votre pr\u00e9nom et votre m\u00e9tier.<\/p>\n<\/div>\n<p>Auteur: Jamal Berraoui<br \/>\n<a href=\"https:\/\/www.challenge.ma\/preparer-lavenir-edito-149478\/\">Cliquez ici pour lire l&rsquo;article depuis sa source.<\/a><\/p>\n","protected":false},"excerpt":{"rendered":"<p>Le ministre des Finances nous a accord\u00e9 une tr\u00e8s longue interview. Il y d\u00e9taille les contraintes et les mesures qui sont prises pour soutenir la consommation et l\u2019investissement et permettre le red\u00e9marrage de l\u2019\u00e9conomie. Les d\u00e9bats au parlement sur la loi de finances rectificative ont \u00e9t\u00e9 int\u00e9ressants. L\u2019angoisse c\u2019est la question de qu\u2019est-ce que l\u2019on [&hellip;]<\/p>\n","protected":false},"author":1787,"featured_media":0,"comment_status":"closed","ping_status":"closed","sticky":false,"template":"","format":"standard","meta":{"fifu_image_url":"","fifu_image_alt":"","footnotes":""},"categories":[78,54],"tags":[],"class_list":["post-92579","post","type-post","status-publish","format-standard","hentry","category-economie","category-maroc"],"_links":{"self":[{"href":"https:\/\/linitiative.ca\/International\/wp-json\/wp\/v2\/posts\/92579","targetHints":{"allow":["GET"]}}],"collection":[{"href":"https:\/\/linitiative.ca\/International\/wp-json\/wp\/v2\/posts"}],"about":[{"href":"https:\/\/linitiative.ca\/International\/wp-json\/wp\/v2\/types\/post"}],"author":[{"embeddable":true,"href":"https:\/\/linitiative.ca\/International\/wp-json\/wp\/v2\/users\/1787"}],"replies":[{"embeddable":true,"href":"https:\/\/linitiative.ca\/International\/wp-json\/wp\/v2\/comments?post=92579"}],"version-history":[{"count":0,"href":"https:\/\/linitiative.ca\/International\/wp-json\/wp\/v2\/posts\/92579\/revisions"}],"wp:attachment":[{"href":"https:\/\/linitiative.ca\/International\/wp-json\/wp\/v2\/media?parent=92579"}],"wp:term":[{"taxonomy":"category","embeddable":true,"href":"https:\/\/linitiative.ca\/International\/wp-json\/wp\/v2\/categories?post=92579"},{"taxonomy":"post_tag","embeddable":true,"href":"https:\/\/linitiative.ca\/International\/wp-json\/wp\/v2\/tags?post=92579"}],"curies":[{"name":"wp","href":"https:\/\/api.w.org\/{rel}","templated":true}]}}