{"id":92582,"date":"2020-07-16T13:02:15","date_gmt":"2020-07-16T17:02:15","guid":{"rendered":"https:\/\/linitiative.ca\/International\/vols-speciaux-la-chaine-lci-fulmine-contre-la-ram-video\/"},"modified":"2020-07-16T13:02:15","modified_gmt":"2020-07-16T17:02:15","slug":"vols-speciaux-la-chaine-lci-fulmine-contre-la-ram-video","status":"publish","type":"post","link":"https:\/\/linitiative.ca\/International\/vols-speciaux-la-chaine-lci-fulmine-contre-la-ram-video\/","title":{"rendered":"Vols sp\u00e9ciaux : la cha\u00eene LCI fulmine contre la RAM [vid\u00e9o]"},"content":{"rendered":"<p><strong>Depuis que Royal Air Maroc et Air Arabia (Maroc) ont repris leurs vols dans le cadre l\u2019op\u00e9ration sp\u00e9ciale lanc\u00e9e par les autorit\u00e9s pour permettre aux Marocains bloqu\u00e9s \u00e0 l\u2019\u00e9tranger de revenir et aux \u00e9trangers bloqu\u00e9s au Maroc de regagner leurs pays, de nombreuses autres compagnies fulminent. Au point o\u00f9 en France, la cha\u00eene de t\u00e9l\u00e9vision LCI accuse la RAM de faire main basse sur la ligne Casablanca-Paris au d\u00e9triment de Air France. Une source au d\u00e9partement marocain du transport a\u00e9rien explique pourquoi l\u2019op\u00e9ration a \u00e9t\u00e9 confi\u00e9e \u00e0 la RAM et Air Arabia, et d\u00e9ment les \u00ab\u00a0fausses informations\u00a0\u00bb v\u00e9hicul\u00e9es par LCI.<\/strong><\/p>\n<div class=\"c10\"\/>\n<p>La pol\u00e9mique enfle. L\u2019op\u00e9ration sp\u00e9ciale de rapatriement assur\u00e9e par la <strong>Royal Air Maroc<\/strong> et <strong>Air Arabia<\/strong>, dans le cadre de l\u2019ouverture partielle des fronti\u00e8res a\u00e9rienne, terrestres et maritimes du royaume, provoque l\u2019ire de certaines compagnies a\u00e9riennes concurrentes. Et en France, certains m\u00e9dias s\u2019en donnent \u00e0 c\u0153ur joie. \u00ab\u00a0Le Maroc privatise l\u2019offre pour pratiquer les prix qu\u2019il souhaite\u00a0\u00bb, a r\u00e9cemment soutenu le journaliste de la cha\u00eene LCI, Pascal Perri, dans son \u00e9mission qui d\u00e9battait de \u00ab la guerre secr\u00e8te des compagnies a\u00e9riennes\u00bb dans le cadre de la reprise progressive du trafic a\u00e9rien international. Il a m\u00eame avanc\u00e9 des <strong>prix exorbitants<\/strong> sur la destination Paris-Casablanca, accusant la RAM de faire main basse sur ce march\u00e9. \u00ab\u00a0Dans cette situation, nous devons d\u00e9fendre Air France\u00a0\u00bb, a-t-il poursuivi.<\/p>\n<p><strong>Lire aussi|<\/strong> <a href=\"https:\/\/www.challenge.ma\/vols-speciaux-la-ram-adopte-des-tarifs-fixes-149261\/\"><strong>Vols sp\u00e9ciaux : la RAM adopte des tarifs fixes<\/strong><\/a><\/p>\n<div class=\"wp-block-embed__wrapper\"><iframe loading=\"lazy\" title=\"Reprise du trafic a&#xE9;rien : la France doit se d&#xE9;fendre contre le protectionnisme !\" width=\"1140\" height=\"641\" src=\"https:\/\/www.youtube.com\/embed\/35DColc417k?feature=oembed\" frameborder=\"0\" allow=\"accelerometer; autoplay; encrypted-media; gyroscope; picture-in-picture\" allowfullscreen=\"\">[embedded content]<\/iframe><\/div>\n<p>Vols sp\u00e9ciaux: un journaliste de la cha\u00eene fran\u00e7aise LCI accuse la Royal Air Maroc, dans une \u00e9mission r\u00e9cemment diffus\u00e9e, de faire main basse sur la ligne Casablanca-Paris.<\/p>\n<p>Pour sa part, Xavier Tytelman, consultant a\u00e9ronautique et invit\u00e9 de Pascal Perri, a d\u2019ailleurs appel\u00e9 le gouvernement fran\u00e7ais \u00e0 faire pression sur le royaume pour que la RAM accepte de partager le march\u00e9 avec Air France. Face \u00e0 ces accusations sur la pratique de prix exorbitants, la RAM a r\u00e9cemment publi\u00e9 ses tarifs sur les diff\u00e9rentes destinations concern\u00e9es par l\u2019op\u00e9ration sp\u00e9ciale. \u00ab\u00a0Nous ne comprenons pas cette position. L\u2019Etat fran\u00e7ais a fait de m\u00eame il y a quelques mois avec des rapatriements de fran\u00e7ais bloqu\u00e9s \u00e0 l\u2019\u00e9tranger. D\u2019abord, il faut comprendre qu\u2019il ne s\u2019agit pas d\u2019une ouverture des <strong>fronti\u00e8res a\u00e9riennes<\/strong> du Maroc. C\u2019est une simple op\u00e9ration de rapatriement pour permettre aux Marocains bloqu\u00e9s \u00e0 l\u2019\u00e9tranger de rentrer et aux \u00e9trangers bloqu\u00e9s au Maroc de regagner leurs pays respectifs. La France a fait la m\u00eame chose ces derniers mois, et n\u2019a m\u00eame pas autoris\u00e9 une compagnie \u00e9trang\u00e8re, y compris marocaine, \u00e0 y participer. Il n\u2019y avait que deux compagnies autoris\u00e9es par le gouvernement fran\u00e7ais\u00a0pour assurer cette op\u00e9ration de rapatriement: Air France et Transavia\u00a0\u00bb, r\u00e9agit une source au d\u00e9partement de Nadia Fellah Alaoui.<\/p>\n<p><strong>Lire aussi|<\/strong> <a href=\"https:\/\/www.challenge.ma\/rapatriement-de-7-100-travailleuses-saisonnieres-marocaines-de-huelva-a-partir-de-ce-samedi-149405\/\"><strong>Rapatriement de 7.100 travailleuses saisonni\u00e8res marocaines de Huelva \u00e0 partir de ce samedi<\/strong><\/a><\/p>\n<p>\u00ab Dans le cadre de cette op\u00e9ration, 50.000 personnes ont \u00e9t\u00e9 rapatri\u00e9es via ces deux compagnies. Je ne suis m\u00eame pas s\u00fbr que nous puissions atteindre ce chiffre dans le cadre de notre op\u00e9ration. Cette r\u00e9action du c\u00f4t\u00e9 fran\u00e7ais est totalement ind\u00e9cente et honteuse. Le soi-disant expert du transport a\u00e9rien invit\u00e9 sur LCI est \u00e0 la solde de la compagnie <strong>Air France<\/strong> et son objectif \u00e9tait de tirer sur la RAM en avan\u00e7ant des informations compl\u00e8tement fausses. Les captures d\u2019\u00e9cran des tarifs montr\u00e9es lors de l\u2019\u00e9mission ne correspondent en rien \u00e0 la r\u00e9alit\u00e9. Les prix qui figuraient sur ces captures d\u2019\u00e9cran ne comportaient pas les d\u00e9tails. Il s\u2019agissait d\u2019un tarif group\u00e9 en classe \u00e9co de\u00a0 plusieurs personnes, parce que sur le site de la RAM, il est possible de faire une simulation de tarifs group\u00e9s pour plusieurs personnes \u00e0 la fois, une famille par exemple. Les tarifs qu\u2019ils ont affich\u00e9s lors de l\u2019\u00e9mission ne concernaient pas qu\u2019un seul passager. C\u2019est de la <strong>manipulation<\/strong>. C\u2019est grave de la part d\u2019une cha\u00eene de t\u00e9l\u00e9 qui se respecte\u00a0\u00bb, conclut notre source.<\/p>\n<div class=\"vw-sticky-sidebar-wrapper vw-sticky-sidebar widget_text awac-wrapper widget_text awac widget custom_html-4 textwidget custom-html-widget\">\n<p class=\"has-background c12\"><span class=\"widget-title c11\">Tribune et D\u00e9bats<\/span><\/p>\n<p>La tribune qui vous parle d\u2019une actu, d\u2019un sujet qui fait d\u00e9bat, les traitent et les analysent. \u00c9conomistes et autres experts, patrons d\u2019entreprises, d\u00e9cideurs, acteurs de la soci\u00e9t\u00e9 civile, s\u2019y prononcent et contribuent \u00e0 sa grande richesse. Vous avez votre opinion, convergente ou diff\u00e9rente. Exprimez-la et mesurez-vous ainsi \u00e0 nos tribuns et d\u00e9batteurs.<\/p>\n<p>Envoyez vos analyses \u00e0 : <a href=\"\/cdn-cgi\/l\/email-protection#b3d0dcddc7d2d0c7f3d0dbd2dfdfd6ddd4d69dded2\"><span class=\"__cf_email__\" data-cfemail=\"0f6c60617b6e6c7b4f6c676e63636a61686a21626e\">[email\u00a0protected]<\/span><\/a>, en pr\u00e9cisant votre nom, votre pr\u00e9nom et votre m\u00e9tier.<\/p>\n<\/div>\n<p>Auteur: challenge<br \/>\n<a href=\"https:\/\/www.challenge.ma\/vols-speciaux-voici-pourquoi-loperation-a-ete-confiee-a-la-ram-et-a-air-arabia-149508\/\">Cliquez ici pour lire l&rsquo;article depuis sa source.<\/a><\/p>\n","protected":false},"excerpt":{"rendered":"<p>Depuis que Royal Air Maroc et Air Arabia (Maroc) ont repris leurs vols dans le cadre l\u2019op\u00e9ration sp\u00e9ciale lanc\u00e9e par les autorit\u00e9s pour permettre aux Marocains bloqu\u00e9s \u00e0 l\u2019\u00e9tranger de revenir et aux \u00e9trangers bloqu\u00e9s au Maroc de regagner leurs pays, de nombreuses autres compagnies fulminent. Au point o\u00f9 en France, la cha\u00eene de t\u00e9l\u00e9vision [&hellip;]<\/p>\n","protected":false},"author":1787,"featured_media":0,"comment_status":"closed","ping_status":"closed","sticky":false,"template":"","format":"standard","meta":{"fifu_image_url":"","fifu_image_alt":"","footnotes":""},"categories":[78,54],"tags":[],"class_list":["post-92582","post","type-post","status-publish","format-standard","hentry","category-economie","category-maroc"],"_links":{"self":[{"href":"https:\/\/linitiative.ca\/International\/wp-json\/wp\/v2\/posts\/92582","targetHints":{"allow":["GET"]}}],"collection":[{"href":"https:\/\/linitiative.ca\/International\/wp-json\/wp\/v2\/posts"}],"about":[{"href":"https:\/\/linitiative.ca\/International\/wp-json\/wp\/v2\/types\/post"}],"author":[{"embeddable":true,"href":"https:\/\/linitiative.ca\/International\/wp-json\/wp\/v2\/users\/1787"}],"replies":[{"embeddable":true,"href":"https:\/\/linitiative.ca\/International\/wp-json\/wp\/v2\/comments?post=92582"}],"version-history":[{"count":0,"href":"https:\/\/linitiative.ca\/International\/wp-json\/wp\/v2\/posts\/92582\/revisions"}],"wp:attachment":[{"href":"https:\/\/linitiative.ca\/International\/wp-json\/wp\/v2\/media?parent=92582"}],"wp:term":[{"taxonomy":"category","embeddable":true,"href":"https:\/\/linitiative.ca\/International\/wp-json\/wp\/v2\/categories?post=92582"},{"taxonomy":"post_tag","embeddable":true,"href":"https:\/\/linitiative.ca\/International\/wp-json\/wp\/v2\/tags?post=92582"}],"curies":[{"name":"wp","href":"https:\/\/api.w.org\/{rel}","templated":true}]}}