{"id":92594,"date":"2020-07-16T16:44:27","date_gmt":"2020-07-16T20:44:27","guid":{"rendered":"https:\/\/linitiative.ca\/International\/questions-a-qui-de-droit\/"},"modified":"2020-07-16T16:44:27","modified_gmt":"2020-07-16T20:44:27","slug":"questions-a-qui-de-droit","status":"publish","type":"post","link":"https:\/\/linitiative.ca\/International\/questions-a-qui-de-droit\/","title":{"rendered":"QUESTIONS A QUI DE DROIT"},"content":{"rendered":"<div class=\"featured-area featured-area-inner\"><img loading=\"lazy\" decoding=\"async\" width=\"780\" height=\"436\" src=\"http:\/\/lepays.bf\/wp-content\/uploads\/2017\/07\/lepaysresponsive.png\" class=\"attachment-jannah-image-post default-featured-img\" alt=\"\" srcset=\"http:\/\/lepays.bf\/wp-content\/uploads\/2017\/07\/lepaysresponsive.png 1137w, http:\/\/lepays.bf\/wp-content\/uploads\/2017\/07\/lepaysresponsive-300x168.png 300w, http:\/\/lepays.bf\/wp-content\/uploads\/2017\/07\/lepaysresponsive-768x430.png 768w, http:\/\/lepays.bf\/wp-content\/uploads\/2017\/07\/lepaysresponsive-1024x573.png 1024w\" sizes=\"auto, (max-width: 780px) 100vw, 780px\"\/><\/div>\n<div class=\"entry-content entry clearfix\" readability=\"45\">\n<div class=\"stream-item stream-item-above-post-content\">\n<p><noscript><\/p>\n<p><a href=\"\/\/www3.smartadserver.com\/ac?jump=1&amp;nwid=2136&amp;siteid=240610&amp;pgname=rg&amp;fmtid=49046&amp;visit=m&amp;tmstp=[timestamp]&amp;out=nonrich\" target=\"_blank\" rel=\"noopener noreferrer\"><img decoding=\"async\" src=\"http:\/\/www3.smartadserver.com\/ac?out=nonrich&amp;nwid=2136&amp;siteid=240610&amp;pgname=rg&amp;fmtid=49046&amp;visit=m&amp;tmstp=[timestamp]\" border=\"0\" alt=\"\"\/><\/a><\/p>\n<p><\/noscript><\/div>\n<p class=\"c3\"><em>Je fais le constat que des camions, ces derniers temps, d\u00e9chargent des vivres dans des magasins des \u00e9coles primaires publiques. Il semble que ce sont des vivres destin\u00e9s \u00e0 nourrir les \u00e9l\u00e8ves et ce, depuis la rentr\u00e9e des classes. Alors, pourquoi ces vivres arrivent-ils au moment o\u00f9 il n\u2019 y a plus de besoin puisque la plupart des \u00e9l\u00e8ves sont en vacances et ceux qui le ne sont pas, pour l\u2019instant, sont en examens. Que l\u2019on ne me dise surtout pas que c\u2019est \u00e0 cause du Covid-19. Non, je n\u2019avalerai pas une telle couleuvre quand je sais que la pratique est la m\u00eame depuis au moins cinq ans. Pourquoi une telle mani\u00e8re de faire d\u2019autant qu\u2019avec des probl\u00e8mes d\u2019\u00e9tanch\u00e9it\u00e9, certains vivres finissent par pourrir.<\/em><\/p>\n<p class=\"c4\"><strong><em>Un parent d\u2019\u00e9l\u00e8ve remont\u00e9<\/em><\/strong><\/p>\n<\/div>\n<p>Auteur: Le Pays<br \/>\n<a href=\"http:\/\/lepays.bf\/questions-a-qui-de-droit\/\">Cliquez ici pour lire l&rsquo;article depuis sa source.<\/a><\/p>\n","protected":false},"excerpt":{"rendered":"<p>Je fais le constat que des camions, ces derniers temps, d\u00e9chargent des vivres dans des magasins des \u00e9coles primaires publiques. Il semble que ce sont des vivres destin\u00e9s \u00e0 nourrir les \u00e9l\u00e8ves et ce, depuis la rentr\u00e9e des classes. Alors, pourquoi ces vivres arrivent-ils au moment o\u00f9 il n\u2019 y a plus de besoin puisque [&hellip;]<\/p>\n","protected":false},"author":1813,"featured_media":92595,"comment_status":"closed","ping_status":"closed","sticky":false,"template":"","format":"standard","meta":{"fifu_image_url":"","fifu_image_alt":"","footnotes":""},"categories":[73,81],"tags":[],"class_list":["post-92594","post","type-post","status-publish","format-standard","has-post-thumbnail","hentry","category-actualite","category-burkina-faso"],"_links":{"self":[{"href":"https:\/\/linitiative.ca\/International\/wp-json\/wp\/v2\/posts\/92594","targetHints":{"allow":["GET"]}}],"collection":[{"href":"https:\/\/linitiative.ca\/International\/wp-json\/wp\/v2\/posts"}],"about":[{"href":"https:\/\/linitiative.ca\/International\/wp-json\/wp\/v2\/types\/post"}],"author":[{"embeddable":true,"href":"https:\/\/linitiative.ca\/International\/wp-json\/wp\/v2\/users\/1813"}],"replies":[{"embeddable":true,"href":"https:\/\/linitiative.ca\/International\/wp-json\/wp\/v2\/comments?post=92594"}],"version-history":[{"count":0,"href":"https:\/\/linitiative.ca\/International\/wp-json\/wp\/v2\/posts\/92594\/revisions"}],"wp:featuredmedia":[{"embeddable":true,"href":"https:\/\/linitiative.ca\/International\/wp-json\/"}],"wp:attachment":[{"href":"https:\/\/linitiative.ca\/International\/wp-json\/wp\/v2\/media?parent=92594"}],"wp:term":[{"taxonomy":"category","embeddable":true,"href":"https:\/\/linitiative.ca\/International\/wp-json\/wp\/v2\/categories?post=92594"},{"taxonomy":"post_tag","embeddable":true,"href":"https:\/\/linitiative.ca\/International\/wp-json\/wp\/v2\/tags?post=92594"}],"curies":[{"name":"wp","href":"https:\/\/api.w.org\/{rel}","templated":true}]}}