{"id":92596,"date":"2020-07-16T16:48:41","date_gmt":"2020-07-16T20:48:41","guid":{"rendered":"https:\/\/linitiative.ca\/International\/proposition-de-report-des-legislatives\/"},"modified":"2020-07-16T16:48:41","modified_gmt":"2020-07-16T20:48:41","slug":"proposition-de-report-des-legislatives","status":"publish","type":"post","link":"https:\/\/linitiative.ca\/International\/proposition-de-report-des-legislatives\/","title":{"rendered":"PROPOSITION DE REPORT DES LEGISLATIVES"},"content":{"rendered":"<div class=\"stream-item stream-item-above-post-content\">\n<p><noscript><\/p>\n<p><a href=\"\/\/www3.smartadserver.com\/ac?jump=1&amp;nwid=2136&amp;siteid=240610&amp;pgname=rg&amp;fmtid=49046&amp;visit=m&amp;tmstp=[timestamp]&amp;out=nonrich\" target=\"_blank\" rel=\"noopener noreferrer\"><img decoding=\"async\" src=\"http:\/\/www3.smartadserver.com\/ac?out=nonrich&amp;nwid=2136&amp;siteid=240610&amp;pgname=rg&amp;fmtid=49046&amp;visit=m&amp;tmstp=[timestamp]\" border=\"0\" alt=\"\"\/><\/a><\/p>\n<p><\/noscript><\/div>\n<p class=\"c3\"><em>Les d\u00e9put\u00e9s de l\u2019Assembl\u00e9e nationale, au regard du contexte s\u00e9curitaire qui est le n\u00f4tre, proposent que soient report\u00e9es d\u2019un an, les \u00e9lections l\u00e9gislatives pour les coupler avec les municipales en 2021. Il n\u2019en fallait pas plus pour que les uns et les autres se dressent sur leurs ergots, estimant qu\u2019il s\u2019agit l\u00e0 d\u2019une occasion pour les d\u00e9put\u00e9s de prolonger leur mandat d\u2019un an, pour continuer \u00e0 b\u00e9n\u00e9ficier des avantages qui vont avec. Pour eux, il faut, co\u00fbte que co\u00fbte, aller aux \u00e9lections. Je crois que l\u2019opposition et la majorit\u00e9, \u00e0 l\u2019issue d\u2019une rencontre tenue en fin de semaine derni\u00e8re, avaient aussi affich\u00e9 la m\u00eame position\u00a0: le maintien des \u00e9lections \u00e0 bonne date. Moi, je comprends la position des uns et des autres. Mais je pense qu\u2019au-del\u00e0 de toute consid\u00e9ration, la proposition faite par les d\u00e9put\u00e9s n\u2019est pas d\u00e9nu\u00e9e de sens. Elle n\u2019est pas aussi saugrenue que \u00e7a. Loin s\u2019en faut\u00a0! Cela est d\u2019autant plus vrai qu\u2019ils ont fait cette proposition \u00e0 l\u2019issue d\u2019une tourn\u00e9e effectu\u00e9e dans les cinq r\u00e9gions durement touch\u00e9es par l\u2019ins\u00e9curit\u00e9, \u00e0 savoir l\u2019Est, le Sahel, le Centre-Nord, la Boucle du Mouhoun et le Nord. On peut accuser nos d\u00e9put\u00e9s de tous les p\u00e9ch\u00e9s\u2026 du Burkina mais reconnaissons que les arguments qu\u2019ils avancent, ne manquent pas de consistance. Je le dis parce qu\u2019en v\u00e9rit\u00e9, certains de ceux qui les critiquent, sont assis \u00e0 Ouaga, dans leurs salons feutr\u00e9s si bien qu\u2019ils ne connaissent pas l\u2019ampleur de l\u2019ins\u00e9curit\u00e9 sur le terrain. Ils parlent comme ils veulent, oubliant qu\u2019\u00e0 ce jour, 159 communes sur les 351 que compte le pays, sont quasiment sous contr\u00f4le des groupes arm\u00e9s. Et ce n\u2019est pas tout. Pr\u00e8s de 4 000 villages ont vu partir leurs populations qui ont rejoint des camps de fortune qui totalisent, \u00e0 ce jour, plus de 800 000 d\u00e9plac\u00e9s. Inutile de rappeler que dans certaines zones recul\u00e9es, l\u2019Administration et tous les autres symboles de l\u2019Etat ont disparu.<\/em><\/p>\n<p class=\"c4\"><strong><em>Je souhaite que l\u2019on d\u00e9passionne le d\u00e9bat pour se parler franchement<\/em><\/strong><\/p>\n<p class=\"c3\"><em>Et selon les derni\u00e8res statistiques, 1 229 civils et 436 soldats ont \u00e9t\u00e9 tu\u00e9s par des individus arm\u00e9s non identifi\u00e9s, entre 2016 et 2020. Voyez-vous\u00a0? Ce n\u2019est pas aussi simple que certains pourraient le penser. Car, la situation est tellement critique que l\u2019enr\u00f4lement n\u2019a pu avoir lieu dans certaines localit\u00e9s. C\u2019est le cas, par exemple, de l\u2019Est o\u00f9 seules 3 provinces sur 5 ont \u00e9t\u00e9 enr\u00f4l\u00e9es. Ce fut aussi le cas de la Boucle du Mouhoun o\u00f9 2 provinces sur 6 ont \u00e9t\u00e9 partiellement enr\u00f4l\u00e9es. J\u2019oublie volontiers le Sahel et le Centre-Nord, ces deux r\u00e9gions consid\u00e9r\u00e9es comme les foyers du terrorisme au Burkina. Peut-on l\u00e9gitimement tenir des l\u00e9gislatives sans la participation des populations de ces zones sous coupe r\u00e9gl\u00e9e des groupes arm\u00e9s\u00a0? La question reste pos\u00e9e et je souhaite que les uns et autres essayent d\u2019y r\u00e9pondre en toute objectivit\u00e9. Surtout quand on sait que contrairement \u00e0 la pr\u00e9sidentielle o\u00f9 tout d\u00e9tenteur d\u2019une carte d\u2019\u00e9lecteur peut voter en tout lieu sur le territoire, les l\u00e9gislatives exigent que les candidats aillent jusque dans les profondeurs des villages pour non seulement battre campagne, mais aussi pour y voter. C\u2019est dire si l\u2019on court le risque de se retrouver avec une Assembl\u00e9e nationale o\u00f9 certaines provinces ou r\u00e9gions enti\u00e8res n\u2019auront pas de repr\u00e9sentants, si l\u2019on d\u00e9cide de maintenir les l\u00e9gislatives \u00e0 la date pr\u00e9vue. En tout cas, c\u2019est le sc\u00e9nario qui se dessine \u00e0 l\u2019horizon. C\u2019est pourquoi je souhaite que l\u2019on d\u00e9passionne le d\u00e9bat pour se parler franchement. Car, j\u2019ai l\u2019impression que certains, \u00e0 cause de leurs int\u00e9r\u00eats, sont tomb\u00e9s \u00e0 bras raccourcis sur les d\u00e9put\u00e9s sans s\u2019\u00eatre donn\u00e9 la peine de lire leur rapport. Ce qui n\u2019est pas juste.<\/em><\/p>\n<p class=\"c4\"><strong><em>\u00ab\u00a0Le Fou\u00a0\u00bb<\/em><\/strong><\/p>\n<p>Auteur: Le Pays<br \/>\n<a href=\"http:\/\/lepays.bf\/proposition-de-report-des-legislatives-2\/\">Cliquez ici pour lire l&rsquo;article depuis sa source.<\/a><\/p>\n","protected":false},"excerpt":{"rendered":"<p>Les d\u00e9put\u00e9s de l\u2019Assembl\u00e9e nationale, au regard du contexte s\u00e9curitaire qui est le n\u00f4tre, proposent que soient report\u00e9es d\u2019un an, les \u00e9lections l\u00e9gislatives pour les coupler avec les municipales en 2021. Il n\u2019en fallait pas plus pour que les uns et les autres se dressent sur leurs ergots, estimant qu\u2019il s\u2019agit l\u00e0 d\u2019une occasion pour [&hellip;]<\/p>\n","protected":false},"author":1813,"featured_media":0,"comment_status":"closed","ping_status":"closed","sticky":false,"template":"","format":"standard","meta":{"fifu_image_url":"","fifu_image_alt":"","footnotes":""},"categories":[73,81],"tags":[],"class_list":["post-92596","post","type-post","status-publish","format-standard","hentry","category-actualite","category-burkina-faso"],"_links":{"self":[{"href":"https:\/\/linitiative.ca\/International\/wp-json\/wp\/v2\/posts\/92596","targetHints":{"allow":["GET"]}}],"collection":[{"href":"https:\/\/linitiative.ca\/International\/wp-json\/wp\/v2\/posts"}],"about":[{"href":"https:\/\/linitiative.ca\/International\/wp-json\/wp\/v2\/types\/post"}],"author":[{"embeddable":true,"href":"https:\/\/linitiative.ca\/International\/wp-json\/wp\/v2\/users\/1813"}],"replies":[{"embeddable":true,"href":"https:\/\/linitiative.ca\/International\/wp-json\/wp\/v2\/comments?post=92596"}],"version-history":[{"count":0,"href":"https:\/\/linitiative.ca\/International\/wp-json\/wp\/v2\/posts\/92596\/revisions"}],"wp:attachment":[{"href":"https:\/\/linitiative.ca\/International\/wp-json\/wp\/v2\/media?parent=92596"}],"wp:term":[{"taxonomy":"category","embeddable":true,"href":"https:\/\/linitiative.ca\/International\/wp-json\/wp\/v2\/categories?post=92596"},{"taxonomy":"post_tag","embeddable":true,"href":"https:\/\/linitiative.ca\/International\/wp-json\/wp\/v2\/tags?post=92596"}],"curies":[{"name":"wp","href":"https:\/\/api.w.org\/{rel}","templated":true}]}}