{"id":92597,"date":"2020-07-16T16:53:16","date_gmt":"2020-07-16T20:53:16","guid":{"rendered":"https:\/\/linitiative.ca\/International\/arret-de-la-cadhp-sur-la-cei-en-rci\/"},"modified":"2020-07-16T16:53:16","modified_gmt":"2020-07-16T20:53:16","slug":"arret-de-la-cadhp-sur-la-cei-en-rci","status":"publish","type":"post","link":"https:\/\/linitiative.ca\/International\/arret-de-la-cadhp-sur-la-cei-en-rci\/","title":{"rendered":"ARRET DE LA CADHP SUR LA CEI EN RCI"},"content":{"rendered":"<div class=\"stream-item stream-item-above-post-content\">\n<p><noscript><\/p>\n<p><a href=\"\/\/www3.smartadserver.com\/ac?jump=1&amp;nwid=2136&amp;siteid=240610&amp;pgname=rg&amp;fmtid=49046&amp;visit=m&amp;tmstp=[timestamp]&amp;out=nonrich\" target=\"_blank\" rel=\"noopener noreferrer\"><img decoding=\"async\" src=\"http:\/\/www3.smartadserver.com\/ac?out=nonrich&amp;nwid=2136&amp;siteid=240610&amp;pgname=rg&amp;fmtid=49046&amp;visit=m&amp;tmstp=[timestamp]\" border=\"0\" alt=\"\"\/><\/a><\/p>\n<p><\/noscript><\/div>\n<p class=\"c3\"><em>Alors que certains n\u2019en voyaient plus l\u2019int\u00e9r\u00eat du fait que la C\u00f4te d\u2019Ivoire a pris ses distances d\u2019elle suite au verdict rendu dans l\u2019affaire Guillaume Soro, la Cour africaine des droits de l\u2019Homme et des peuples (CADHP) a rendu, le 15 juillet dernier, un arr\u00eat sur la requ\u00eate en contestation de l\u2019ind\u00e9pendance et de l\u2019impartialit\u00e9 de la Commission \u00e9lectorale ind\u00e9pendante (CEI) dont l\u2019avait saisi l\u2019opposition ivoirienne en septembre 2019. En substance, la Cour africaine estime que la mise en place des commissions \u00e9lectorales locales est d\u00e9s\u00e9quilibr\u00e9e en faveur du pouvoir d\u2019Abidjan. Mais elle a \u00e9galement pr\u00e9cis\u00e9 que les partis d\u2019opposition qui l\u2019ont saisie de l\u2019affaire, n\u2019ont pas pu prouver la partialit\u00e9 et le manque d\u2019ind\u00e9pendance de la CEI. Un jugement \u00e0 la Salomon qui met les protagonistes devant leurs responsabilit\u00e9s et surtout, les renvoie \u00e0 leur conscience. Mais, l\u2019on se demande si cette d\u00e9cision ne fera pas plus de mal que de bien \u00e0 la C\u00f4te d\u2019Ivoire. Car, contrairement \u00e0 l\u2019histoire des Saintes Ecritures, tout porte \u00e0 croire qu\u2019il ne faut pas s\u2019attendre, dans le cas d\u2019esp\u00e8ce qui cristallise les attentions et o\u00f9 chacun voit midi \u00e0 sa porte, \u00e0 une quelconque renonciation d\u2019une des parties en vue de permettre une r\u00e9solution pacifique du litige.<\/em><\/p>\n<p class=\"c4\"><strong><em>On n\u2019est pas sorti de l\u2019auberge<\/em><\/strong><\/p>\n<p class=\"c3\"><em>Au contraire, tout porte \u00e0 croire que se fondant sur cet arr\u00eat, chacun s\u2019agrippera \u00e0 la partie de ce jugement qui va dans le sens de ses int\u00e9r\u00eats, pour tenter de faire porter le chapeau \u00e0 l\u2019autre. D\u00e9j\u00e0, du c\u00f4t\u00e9 de l\u2019opposition, notamment le PDCI (Parti d\u00e9mocratique de C\u00f4te d\u2019Ivoire) \u00e0 l\u2019origine de la requ\u00eate, l\u2019on estime que cette d\u00e9cision exige une refonte compl\u00e8te de la Commission \u00e9lectorale tout en appelant les principaux partis \u00e0 se remettre rapidement autour de la table pour ren\u00e9gocier la composition de la CEI. Mais du c\u00f4t\u00e9 du pouvoir, l\u2019on ne semble pas se sentir concern\u00e9, outre mesure, par cette d\u00e9cision d\u2019autant que l\u2019Etat de C\u00f4te d\u2019Ivoire a retir\u00e9, en avril dernier, sa reconnaissance de comp\u00e9tence \u00e0 la Cour d\u2019Arusha. Une cons\u00e9quence de l\u2019affaire Guillaume Soro et \u00e0 l\u2019\u00e9poque, le porte-parole du gouvernement n\u2019avait pas manqu\u00e9 de mots durs pour justifier cette d\u00e9cision du gouvernement qui intervenait \u00ab\u00a0suite aux graves et intol\u00e9rables agissements que la Cour africaine des droits de l\u2019Homme et des peuples s\u2019est autoris\u00e9s dans ses actions qui, non seulement portent atteinte \u00e0 la souverainet\u00e9 de l\u2019Etat de C\u00f4te d\u2019Ivoire, mais sont de nature \u00e0 entra\u00eener une grave perturbation de l\u2019ordre juridique interne des Etats et \u00e0 saper les bases de l\u2019Etat de droit, par l\u2019instauration d\u2019une v\u00e9ritable ins\u00e9curit\u00e9 juridique\u00a0\u00bb. Cela dit, pour l\u2019avocat de l\u2019Etat de C\u00f4te d\u2019Ivoire, cette d\u00e9cision de la Cour africaine sur la Commission \u00e9lectorale, ne fait pas avancer le d\u00e9bat. En effet, \u00e0 l\u2019entendre, \u00ab\u00a0pour faire simple, la Cour a dit que les griefs formul\u00e9s \u00e0 l\u2019encontre de la loi, n\u2019\u00e9taient pas av\u00e9r\u00e9s. Elle a dit aussi avoir not\u00e9 que les pr\u00e9sidents des commissions locales penchaient plus en faveur du parti au pouvoir. Mais elle a pris le soin d\u2019indiquer que cela n\u2019est pas du fait de la loi, mais plut\u00f4t de son application. C\u2019est pour cela que j\u2019ai dit que cette d\u00e9cision cr\u00e9e un front inutile parce que la Cour avait \u00e0 r\u00e9pondre \u00e0 la question de savoir si la loi est conforme ou pas aux instruments internationaux\u00a0\u00bb. C\u2019est donc clair. Malgr\u00e9 cet arr\u00eat, l\u2019on n\u2019est pas encore sorti de l\u2019auberge.<\/em><\/p>\n<p class=\"c4\"><strong><em>Il est dans l\u2019int\u00e9r\u00eat de la C\u00f4te d\u2019Ivoire de trouver une solution d\u00e9finitive \u00e0 la question de la CEI<\/em><\/strong><\/p>\n<p class=\"c3\"><em>Et \u00e0 quelque trois mois de la pr\u00e9sidentielle, cela risque de raviver les tensions en C\u00f4te d\u2019Ivoire autour de la question \u00e9lectorale qui d\u00e9cha\u00eene les passions. Surtout au moment o\u00f9 la s\u00e9r\u00e9nit\u00e9 ne semble pas r\u00e9gner dans le camp du pouvoir qui pr\u00e9sente, depuis des mois, des l\u00e9zardes mais qui a aussi vu le sort s\u2019acharner contre lui, avec le d\u00e9c\u00e8s subit de celui qui avait \u00e9t\u00e9 d\u00e9sign\u00e9 pour d\u00e9fendre ses couleurs \u00e0 la pr\u00e9sidentielle d\u2019octobre prochain, Amadou Gon Coulibaly dont la d\u00e9pouille mortelle \u00e0 \u00e9t\u00e9 transf\u00e9r\u00e9e \u00e0 Korhogo, dans le Nord du pays, pour recevoir aujourd\u2019hui m\u00eame, 17 juillet, les hommages des siens avant son inhumation dans la terre de ses anc\u00eatres. Une c\u00e9r\u00e9monie qui se passera dans l\u2019intimit\u00e9 familiale et qui verra la reconnaissance de toute une r\u00e9gion exprim\u00e9e \u00e0 un digne fils. N<\/em><em>En tout \u00e9tat de cause, au-del\u00e0 de l\u2019\u00e9ch\u00e9ance de la prochaine pr\u00e9sidentielle, il est dans l\u2019int\u00e9r\u00eat de la C\u00f4te d\u2019Ivoire de trouver une solution d\u00e9finitive \u00e0 la question de la composition de la CEI qui revient, \u00e0 chaque \u00e9lection, comme une ritournelle. Et si la formule actuelle continue de faire des vagues, pourquoi ne pas exp\u00e9rimenter la formule d\u2019une composition tripartite et \u00e9galitaire entre le pouvoir, l\u2019opposition et la soci\u00e9t\u00e9 civile, avec un pr\u00e9sident issu des rangs de la derni\u00e8re cit\u00e9e cens\u00e9e \u00eatre \u00e0 \u00e9quidistance des chapelles politiques ? C\u2019est peut-\u00eatre de l\u00e0 que viendra la solution pour la C\u00f4te d\u2019Ivoire qui semble avoir mal \u00e0 ses institutions \u00e9lectorales, bien souvent en raison de la subjectivit\u00e9 suppos\u00e9e ou r\u00e9elle des personnalit\u00e9s port\u00e9es \u00e0 leur t\u00eate. Il faut que \u00e7a change !<\/em><br \/><em>\u00a0<\/em><br \/><strong><em>\u00ab\u00a0Le Pays\u00a0\u00bb<\/em><\/strong><\/p>\n<p>Auteur: Le Pays<br \/>\n<a href=\"http:\/\/lepays.bf\/arret-de-la-cadhp-sur-la-cei-en-rci\/\">Cliquez ici pour lire l&rsquo;article depuis sa source.<\/a><\/p>\n","protected":false},"excerpt":{"rendered":"<p>Alors que certains n\u2019en voyaient plus l\u2019int\u00e9r\u00eat du fait que la C\u00f4te d\u2019Ivoire a pris ses distances d\u2019elle suite au verdict rendu dans l\u2019affaire Guillaume Soro, la Cour africaine des droits de l\u2019Homme et des peuples (CADHP) a rendu, le 15 juillet dernier, un arr\u00eat sur la requ\u00eate en contestation de l\u2019ind\u00e9pendance et de l\u2019impartialit\u00e9 [&hellip;]<\/p>\n","protected":false},"author":1813,"featured_media":0,"comment_status":"closed","ping_status":"closed","sticky":false,"template":"","format":"standard","meta":{"fifu_image_url":"","fifu_image_alt":"","footnotes":""},"categories":[73,81],"tags":[],"class_list":["post-92597","post","type-post","status-publish","format-standard","hentry","category-actualite","category-burkina-faso"],"_links":{"self":[{"href":"https:\/\/linitiative.ca\/International\/wp-json\/wp\/v2\/posts\/92597","targetHints":{"allow":["GET"]}}],"collection":[{"href":"https:\/\/linitiative.ca\/International\/wp-json\/wp\/v2\/posts"}],"about":[{"href":"https:\/\/linitiative.ca\/International\/wp-json\/wp\/v2\/types\/post"}],"author":[{"embeddable":true,"href":"https:\/\/linitiative.ca\/International\/wp-json\/wp\/v2\/users\/1813"}],"replies":[{"embeddable":true,"href":"https:\/\/linitiative.ca\/International\/wp-json\/wp\/v2\/comments?post=92597"}],"version-history":[{"count":0,"href":"https:\/\/linitiative.ca\/International\/wp-json\/wp\/v2\/posts\/92597\/revisions"}],"wp:attachment":[{"href":"https:\/\/linitiative.ca\/International\/wp-json\/wp\/v2\/media?parent=92597"}],"wp:term":[{"taxonomy":"category","embeddable":true,"href":"https:\/\/linitiative.ca\/International\/wp-json\/wp\/v2\/categories?post=92597"},{"taxonomy":"post_tag","embeddable":true,"href":"https:\/\/linitiative.ca\/International\/wp-json\/wp\/v2\/tags?post=92597"}],"curies":[{"name":"wp","href":"https:\/\/api.w.org\/{rel}","templated":true}]}}