{"id":92599,"date":"2020-07-16T17:03:37","date_gmt":"2020-07-16T21:03:37","guid":{"rendered":"https:\/\/linitiative.ca\/International\/mediation-de-la-cedeao-sur-fond-dannulation-de-la-marche-du-m5\/"},"modified":"2020-07-16T17:03:37","modified_gmt":"2020-07-16T21:03:37","slug":"mediation-de-la-cedeao-sur-fond-dannulation-de-la-marche-du-m5","status":"publish","type":"post","link":"https:\/\/linitiative.ca\/International\/mediation-de-la-cedeao-sur-fond-dannulation-de-la-marche-du-m5\/","title":{"rendered":"MEDIATION DE LA CEDEAO SUR FOND D\u2019ANNULATION DE LA MARCHE DU M5"},"content":{"rendered":"<div class=\"stream-item stream-item-above-post-content\">\n<p><noscript><\/p>\n<p><a href=\"\/\/www3.smartadserver.com\/ac?jump=1&amp;nwid=2136&amp;siteid=240610&amp;pgname=rg&amp;fmtid=49046&amp;visit=m&amp;tmstp=[timestamp]&amp;out=nonrich\" target=\"_blank\" rel=\"noopener noreferrer\"><img decoding=\"async\" src=\"http:\/\/www3.smartadserver.com\/ac?out=nonrich&amp;nwid=2136&amp;siteid=240610&amp;pgname=rg&amp;fmtid=49046&amp;visit=m&amp;tmstp=[timestamp]\" border=\"0\" alt=\"\"\/><\/a><\/p>\n<p><\/noscript><\/div>\n<p class=\"c3\"><em>Le M5-Rassemblement des Forces patriotiques avait appel\u00e9 \u00e0 une nouvelle journ\u00e9e de manifestation, la troisi\u00e8me du genre, depuis le d\u00e9but de la fronde anti-IBK. La journ\u00e9e d\u2019aujourd\u2019hui, vendredi 17 juillet, avait initialement \u00e9t\u00e9 retenue par la coalition pour crier de nouveau sa col\u00e8re contre Kank\u00e9l\u00e9tigui et r\u00e9it\u00e9rer sa volont\u00e9 de le voir rendre le tablier. Le moins que l\u2019on puisse dire, c\u2019est que ce troisi\u00e8me round de l\u2019affrontement M5\/IBK, \u00e9tait redout\u00e9 et ce d\u2019autant plus que le round qui l\u2019avait pr\u00e9c\u00e9d\u00e9, c\u2019est-\u00e0-dire celui du 10 juillet dernier, avait laiss\u00e9 sur le carreau 11 macchab\u00e9es attribu\u00e9s \u00e0 tort ou \u00e0 raison \u00e0 la FORSAT (Force sp\u00e9ciale anti-terroriste). Fort heureusement, ce troisi\u00e8me face-\u00e0-face tant redout\u00e9 a \u00e9t\u00e9 annul\u00e9 \u00e0 la derni\u00e8re minute par les leaders de la contestation. Et ils \u00e9taient certainement nombreux, les Maliens et les Maliennes \u00e0 pouffer un grand ouf de soulagement \u00e0 l\u2019annonce, peut-on dire, de la bonne nouvelle. En lieu et place, les responsables de la contestation appellent \u00e0 une \u00ab journ\u00e9e de recueillement \u00bb et cela, dans les lieux de culte. Dans le m\u00eame temps, ils appellent leurs partisans \u00e0 se d\u00e9partir de tout acte de violences. Manifestement, les contestataires semblent s\u2019inscrire dans la logique de l\u2019apaisement, sans pour autant renoncer \u00e0 leur \u00ab fatwa \u00bb d\u2019\u00e9courter le s\u00e9jour d\u2019Ibrahim Boubacar K\u00e9ita (IBK) au Palais de Koulouba. Et l\u2019on peut noter que le moment choisi par les contestataires pour mettre un peu d\u2019eau dans\u2026 leur th\u00e9 intervient pendant que les missi dominici de la CEDEAO (Communaut\u00e9 \u00e9conomique des Etats de l\u2019Afrique de l\u2019Ouest) sont \u00e0 Bamako pour rapprocher les deux camps. D\u00e8s lors, l\u2019on est fond\u00e9 \u00e0 se poser la question de savoir si ce fl\u00e9chissement des camarades de l\u2019Imam Dicko, n\u2019est pas une cons\u00e9quence de la m\u00e9diation conduite par l\u2019ancien pr\u00e9sident nig\u00e9rian, Goodluck Jonathan. L\u2019on peut prendre le risque de r\u00e9pondre par l\u2019affirmative.<\/em><\/p>\n<p class=\"c4\"><strong><em>IBK et le Mali pourraient ne pas survivre \u00e0 un affrontement de longue dur\u00e9e avec le M5<\/em><\/strong><\/p>\n<p class=\"c3\"><em>En effet, c\u2019est la deuxi\u00e8me fois que la plus grande structure communautaire de l\u2019Afrique de l\u2019Ouest propose sa m\u00e9diation aux protagonistes maliens. La premi\u00e8re fois, elle avait \u00e9t\u00e9 pratiquement \u00e9conduite par le M5. Certains contestataires extr\u00e9mistes avaient alors jug\u00e9 ses propositions de sortie de crise favorables au camp IBK. Cette fois-ci, l\u2019on peut avoir l\u2019impression que le M5 est revenu \u00e0 de meilleurs sentiments. En tout cas, la probabilit\u00e9 que les Maliens fument enfin le calumet de la paix sous l\u2019\u00e9gide du bien- nomm\u00e9 Goodluck, est tr\u00e8s forte. Car, aucune des deux parties ne peut raidir ind\u00e9finiment la nuque face \u00e0 la CEDEAO. Le putschiste de Kati, le g\u00e9n\u00e9ral Amadou Sanogo, l\u2019a appris \u00e0 ses d\u00e9pens. Les membres qui animent aujourd\u2019hui le M5 savent qu\u2019il n\u2019est pas dans leur int\u00e9r\u00eat d\u2019engager un bras de fer avec la CEDEAO. L\u2019annulation de la 3e marche anti-IBK que la coalition avait pr\u00e9vue pour se d\u00e9rouler aujourd\u2019hui, pourrait participer de son souci de ne pas se mettre \u00e0 dos la puissante CEDEAO. IBK et son camp se disent favorables au dialogue. Et ils ont d\u00e9j\u00e0 pos\u00e9 des actes d\u2019apaisement. L\u2019on peut citer, entre autres, la lib\u00e9ration des leaders du M5, la d\u00e9mission de Karim K\u00e9ita (fils du pr\u00e9sident), la dissolution de fait de la Cour constitutionnelle. Et IBK vient de signifier \u00e0 la d\u00e9l\u00e9gation de la CEDEAO qu\u2019il \u00ab\u00a0entendait dialoguer avec tout le monde\u00a0\u00bb. En tout cas, de part et d\u2019autre, l\u2019heure doit \u00eatre \u00e0 l\u2019apaisement. Toutefois, l\u2019on peut se poser la question suivante\u00a0: le calme observ\u00e9, annonce-t-il la temp\u00eate\u00a0? Il revient aux deux camps de travailler \u00e0 \u00e9viter la temp\u00eate au Mali. Car, un tel sc\u00e9nario apporterait le coup de gr\u00e2ce \u00e0 ce pays rendu d\u00e9j\u00e0 vuln\u00e9rable par les attaques terroristes r\u00e9currentes, les conflits intercommunautaires permanents et la mauvaise gouvernance. Le camp qui doit le plus faire des concessions \u00e0 l\u2019autre, est bien s\u00fbr celui d\u2019IBK. Il en a d\u00e9j\u00e0 fait mais il peut encore faire mieux s\u2019il aime v\u00e9ritablement le Mali. Il peut, par exemple, ravaler son orgueil en conc\u00e9dant au M5 la mise en place d\u2019un gouvernement dont le Premier ministre sera issu de ses rangs. Si cela est conc\u00e9d\u00e9, la probabilit\u00e9 est grande que la tension sociopolitique, qui est aujourd\u2019hui palpable au Mali et qui peut entra\u00eener le pays dans un capharna\u00fcm certain, connaisse un \u00e9pilogue heureux. D\u2019ailleurs, une telle concession de la part du pouvoir pourrait donner l\u2019occasion aux Maliens de juger le M5 au pied du mur. Car, comme l\u2019affirme le dicton, \u00ab\u00a0l\u2019art est difficile et la critique facile\u00a0\u00bb. En tout cas, IBK ne mourra pas s\u2019il se d\u00e9leste d\u2019une partie de son pouvoir au profit du M5. Par contre, et lui et le Mali pourraient ne pas survivre \u00e0 un affrontement de longue dur\u00e9e avec le M5. Car, ce serait une guerre dans la guerre. Et c\u2019est tout le r\u00eave des terroristes.<\/em><\/p>\n<p class=\"c4\"><strong><em>Pousdem PICKOU<\/em><\/strong><\/p>\n<p>Auteur: Le Pays<br \/>\n<a href=\"http:\/\/lepays.bf\/mediation-de-la-cedeao-sur-fond-dannulation-de-la-marche-du-m5\/\">Cliquez ici pour lire l&rsquo;article depuis sa source.<\/a><\/p>\n","protected":false},"excerpt":{"rendered":"<p>Le M5-Rassemblement des Forces patriotiques avait appel\u00e9 \u00e0 une nouvelle journ\u00e9e de manifestation, la troisi\u00e8me du genre, depuis le d\u00e9but de la fronde anti-IBK. La journ\u00e9e d\u2019aujourd\u2019hui, vendredi 17 juillet, avait initialement \u00e9t\u00e9 retenue par la coalition pour crier de nouveau sa col\u00e8re contre Kank\u00e9l\u00e9tigui et r\u00e9it\u00e9rer sa volont\u00e9 de le voir rendre le tablier. [&hellip;]<\/p>\n","protected":false},"author":1813,"featured_media":0,"comment_status":"closed","ping_status":"closed","sticky":false,"template":"","format":"standard","meta":{"fifu_image_url":"","fifu_image_alt":"","footnotes":""},"categories":[73,81],"tags":[],"class_list":["post-92599","post","type-post","status-publish","format-standard","hentry","category-actualite","category-burkina-faso"],"_links":{"self":[{"href":"https:\/\/linitiative.ca\/International\/wp-json\/wp\/v2\/posts\/92599","targetHints":{"allow":["GET"]}}],"collection":[{"href":"https:\/\/linitiative.ca\/International\/wp-json\/wp\/v2\/posts"}],"about":[{"href":"https:\/\/linitiative.ca\/International\/wp-json\/wp\/v2\/types\/post"}],"author":[{"embeddable":true,"href":"https:\/\/linitiative.ca\/International\/wp-json\/wp\/v2\/users\/1813"}],"replies":[{"embeddable":true,"href":"https:\/\/linitiative.ca\/International\/wp-json\/wp\/v2\/comments?post=92599"}],"version-history":[{"count":0,"href":"https:\/\/linitiative.ca\/International\/wp-json\/wp\/v2\/posts\/92599\/revisions"}],"wp:attachment":[{"href":"https:\/\/linitiative.ca\/International\/wp-json\/wp\/v2\/media?parent=92599"}],"wp:term":[{"taxonomy":"category","embeddable":true,"href":"https:\/\/linitiative.ca\/International\/wp-json\/wp\/v2\/categories?post=92599"},{"taxonomy":"post_tag","embeddable":true,"href":"https:\/\/linitiative.ca\/International\/wp-json\/wp\/v2\/tags?post=92599"}],"curies":[{"name":"wp","href":"https:\/\/api.w.org\/{rel}","templated":true}]}}