{"id":92603,"date":"2020-07-16T17:24:23","date_gmt":"2020-07-16T21:24:23","guid":{"rendered":"https:\/\/linitiative.ca\/International\/congres-dinvestiture-du-candidat-de-lupc\/"},"modified":"2020-07-16T17:24:23","modified_gmt":"2020-07-16T21:24:23","slug":"congres-dinvestiture-du-candidat-de-lupc","status":"publish","type":"post","link":"https:\/\/linitiative.ca\/International\/congres-dinvestiture-du-candidat-de-lupc\/","title":{"rendered":"Congr\u00e8s d\u2019investiture du candidat de l\u2019UPC"},"content":{"rendered":"<div class=\"td-post-featured-image\"><a href=\"https:\/\/www.sidwaya.info\/wp-content\/uploads\/2020\/07\/upcsid17.jpg\" data-caption=\"\"><img loading=\"lazy\" decoding=\"async\" width=\"696\" height=\"411\" class=\"entry-thumb td-modal-image\" src=\"https:\/\/www.sidwaya.info\/wp-content\/uploads\/2020\/07\/upcsid17-696x411.jpg\" srcset=\"https:\/\/www.sidwaya.info\/wp-content\/uploads\/2020\/07\/upcsid17-696x411.jpg 696w, https:\/\/www.sidwaya.info\/wp-content\/uploads\/2020\/07\/upcsid17-300x177.jpg 300w, https:\/\/www.sidwaya.info\/wp-content\/uploads\/2020\/07\/upcsid17-768x454.jpg 768w, https:\/\/www.sidwaya.info\/wp-content\/uploads\/2020\/07\/upcsid17-711x420.jpg 711w, https:\/\/www.sidwaya.info\/wp-content\/uploads\/2020\/07\/upcsid17.jpg 787w\" sizes=\"auto, (max-width: 696px) 100vw, 696px\" alt=\"\" title=\"upcsid17\"\/><\/a><\/div>\n<p><strong>Le comit\u00e9 national d\u2019organisation du congr\u00e8s extraordinaire de d\u00e9signation et d\u2019investiture du candidat de l\u2019Union pour le progr\u00e8s et le changement (UPC) \u00e0 l\u2019\u00e9lection pr\u00e9sidentielle a anim\u00e9 une conf\u00e9rence de presse, le jeudi 16 juillet 2020 \u00e0 Ouagadougou, pour faire le point des pr\u00e9paratifs de cette rencontre pr\u00e9vue pour le 25 juillet prochain.<\/strong><\/p>\n<p>Le comit\u00e9 d\u2019organisation du congr\u00e8s extraordinaire de d\u00e9signation et d\u2019investiture du candidat de l\u2019Union pour le progr\u00e8s et le changement(UPC) pour l\u2019\u00e9lection pr\u00e9sidentielle du 22 novembre 2020 est fin pr\u00eat pour une r\u00e9ussite de l\u2019\u00e9v\u00e8nement. C\u2019est l\u2019information qui a \u00e9t\u00e9 donn\u00e9e aux journalistes par les premiers responsables du parti, au cours d\u2019une conf\u00e9rence de presse, le jeudi 16 juillet 2020 \u00e0 Ouagadougou. En effet, selon le pr\u00e9sident du comit\u00e9 d\u2019organisation, Rabi Yam\u00e9ogo, les commissions, mises en place, sont \u00e0 la t\u00e2che pour donner un \u00e9clat particulier \u00e0 ce congr\u00e8s. Celui-ci, a-t-il indiqu\u00e9, est pr\u00e9vu pour se tenir le samedi 25 juillet 2020 au Palais des sports de Ouaga 2000 sous le th\u00e8me\u00a0:\u00a0\u00ab\u00a0Ensemble avec ZEPH, un nouveau d\u00e9part en toute s\u00e9curit\u00e9\u00a0\u00bb. Pour les animateurs du point de presse, le Burkina Faso, au regard de sa gouvernance actuelle, a besoin d\u2019un nouveau d\u00e9part pour relever les d\u00e9fis \u00e9normes auxquels il fait face. Et de leur point de vue, c\u2019est le candidat du parti, Z\u00e9phirin Diabr\u00e9, qui est le seul leader dans le landerneau politique national capable d\u2019insuffler une nouvelle dynamique dans la gestion du pays. L\u2019\u00e9lection pr\u00e9sidentielle du 22 novembre prochain offre donc l\u2019occasion aux Burkinab\u00e8, a soutenu M. Yam\u00e9ogo,\u00a0\u00ab\u00a0 de corriger l\u2019erreur monumentale de 2015\u00a0\u00bb en renouant avec les valeurs de probit\u00e9 et en confiant leur destin\u00e9e au candidat Diabr\u00e9.\u00a0\u00ab\u00a0Nous avons un peuple travailleur et digne qui a besoin de\u00a0paix, de s\u00e9curit\u00e9 et de gestion transparente des affaires publiques\u00a0\u00bb, a martel\u00e9 Rabi Yam\u00e9ogo. A cet effet, il a soulign\u00e9 que l\u2019UPC ira aux \u00e9lections avec plus de s\u00e9r\u00e9nit\u00e9 parce qu\u2019engag\u00e9e \u00e0 d\u00e9fendre les int\u00e9r\u00eats du peuple.\u00a0\u00ab\u00a0Le lion va rugir \u00bb, a lanc\u00e9 le pr\u00e9sident du comit\u00e9 d\u2019organisation, appelant les sympathisants et militants \u00e0 se mobiliser et \u00e0 faire du congr\u00e8s un succ\u00e8s. Par ailleurs, en raison de la maladie \u00e0 coronavirus, a-t-il laiss\u00e9 entendre, la rencontre se fera dans le strict respect des mesures-barri\u00e8res, \u00e9dict\u00e9es par le minist\u00e8re de la Sant\u00e9. Qu\u2019en est-il de l\u2019\u00e9ventualit\u00e9 d\u2019une candidature unique de l\u2019opposition\u00a0? \u00c0 cette interrogation, les conf\u00e9renciers ont fait savoir qu\u2019il n\u2019en a jamais \u00e9t\u00e9 question au sein de l\u2019opposition politique. En revanche, a expliqu\u00e9 M. Yam\u00e9ogo, c\u2019est en cas de second tour qu\u2019une coalition se fera pour soutenir un candidat. En attentant, les conf\u00e9renciers ont promis\u00a0\u00ab\u00a0un coup K.O\u00a0\u00bb au soir du 22 novembre avec pour locataire du palais de Kosyam, selon eux, Z\u00e9phirin Diabr\u00e9.<\/p>\n<p>Souma\u00efla BONKOUNGOU<\/p>\n<div class=\"td-a-rec td-a-rec-id-content_inline tdi_30_bf1 td_block_template_1\"><img loading=\"lazy\" decoding=\"async\" class=\"aligncenter size-full wp-image-21314\" src=\"https:\/\/www.sidwaya.info\/wp-content\/uploads\/2020\/04\/Bandeau-Covid-19-Sidwaya-1.jpg\" alt=\"\" width=\"790\" height=\"98\"\/><\/div>\n<div class=\"td-a-rec td-a-rec-id-content_bottom tdi_31_bac td_block_template_1\"><img loading=\"lazy\" decoding=\"async\" class=\"aligncenter size-full wp-image-22415\" src=\"https:\/\/www.sidwaya.info\/wp-content\/uploads\/2020\/05\/Bandeau-paiement-mobile-site.png\" alt=\"\" width=\"728\" height=\"90\"\/><\/div>\n<p>Auteur: BM. Sidwaya<br \/>\n<a href=\"https:\/\/www.sidwaya.info\/blog\/2020\/07\/16\/congres-dinvestiture-du-candidat-de-lupc\/\">Cliquez ici pour lire l&rsquo;article depuis sa source.<\/a><\/p>\n","protected":false},"excerpt":{"rendered":"<p>Le comit\u00e9 national d\u2019organisation du congr\u00e8s extraordinaire de d\u00e9signation et d\u2019investiture du candidat de l\u2019Union pour le progr\u00e8s et le changement (UPC) \u00e0 l\u2019\u00e9lection pr\u00e9sidentielle a anim\u00e9 une conf\u00e9rence de presse, le jeudi 16 juillet 2020 \u00e0 Ouagadougou, pour faire le point des pr\u00e9paratifs de cette rencontre pr\u00e9vue pour le 25 juillet prochain. Le comit\u00e9 [&hellip;]<\/p>\n","protected":false},"author":1816,"featured_media":92604,"comment_status":"closed","ping_status":"closed","sticky":false,"template":"","format":"standard","meta":{"fifu_image_url":"","fifu_image_alt":"","footnotes":""},"categories":[73,81],"tags":[],"class_list":["post-92603","post","type-post","status-publish","format-standard","has-post-thumbnail","hentry","category-actualite","category-burkina-faso"],"_links":{"self":[{"href":"https:\/\/linitiative.ca\/International\/wp-json\/wp\/v2\/posts\/92603","targetHints":{"allow":["GET"]}}],"collection":[{"href":"https:\/\/linitiative.ca\/International\/wp-json\/wp\/v2\/posts"}],"about":[{"href":"https:\/\/linitiative.ca\/International\/wp-json\/wp\/v2\/types\/post"}],"author":[{"embeddable":true,"href":"https:\/\/linitiative.ca\/International\/wp-json\/wp\/v2\/users\/1816"}],"replies":[{"embeddable":true,"href":"https:\/\/linitiative.ca\/International\/wp-json\/wp\/v2\/comments?post=92603"}],"version-history":[{"count":0,"href":"https:\/\/linitiative.ca\/International\/wp-json\/wp\/v2\/posts\/92603\/revisions"}],"wp:featuredmedia":[{"embeddable":true,"href":"https:\/\/linitiative.ca\/International\/wp-json\/"}],"wp:attachment":[{"href":"https:\/\/linitiative.ca\/International\/wp-json\/wp\/v2\/media?parent=92603"}],"wp:term":[{"taxonomy":"category","embeddable":true,"href":"https:\/\/linitiative.ca\/International\/wp-json\/wp\/v2\/categories?post=92603"},{"taxonomy":"post_tag","embeddable":true,"href":"https:\/\/linitiative.ca\/International\/wp-json\/wp\/v2\/tags?post=92603"}],"curies":[{"name":"wp","href":"https:\/\/api.w.org\/{rel}","templated":true}]}}