{"id":92605,"date":"2020-07-16T17:28:04","date_gmt":"2020-07-16T21:28:04","guid":{"rendered":"https:\/\/linitiative.ca\/International\/electrification-rurale-vers-la-definition-dun-nouveau-paradigme-de-gestion\/"},"modified":"2020-07-16T17:28:04","modified_gmt":"2020-07-16T21:28:04","slug":"electrification-rurale-vers-la-definition-dun-nouveau-paradigme-de-gestion","status":"publish","type":"post","link":"https:\/\/linitiative.ca\/International\/electrification-rurale-vers-la-definition-dun-nouveau-paradigme-de-gestion\/","title":{"rendered":"Electrification rurale: vers la d\u00e9finition d\u2019un nouveau paradigme de gestion"},"content":{"rendered":"<div class=\"td-post-featured-image\"><a href=\"https:\/\/www.sidwaya.info\/wp-content\/uploads\/2020\/07\/electrification.jpg\" data-caption=\"\"><img loading=\"lazy\" decoding=\"async\" width=\"693\" height=\"520\" class=\"entry-thumb td-modal-image\" src=\"https:\/\/www.sidwaya.info\/wp-content\/uploads\/2020\/07\/electrification.jpg\" srcset=\"https:\/\/www.sidwaya.info\/wp-content\/uploads\/2020\/07\/electrification.jpg 693w, https:\/\/www.sidwaya.info\/wp-content\/uploads\/2020\/07\/electrification-300x225.jpg 300w, https:\/\/www.sidwaya.info\/wp-content\/uploads\/2020\/07\/electrification-560x420.jpg 560w, https:\/\/www.sidwaya.info\/wp-content\/uploads\/2020\/07\/electrification-80x60.jpg 80w, https:\/\/www.sidwaya.info\/wp-content\/uploads\/2020\/07\/electrification-265x198.jpg 265w\" sizes=\"auto, (max-width: 693px) 100vw, 693px\" alt=\"\" title=\"electrification\"\/><\/a><\/div>\n<p><strong>Le minist\u00e8re de l\u2019Energie a organis\u00e9 la premi\u00e8re session ordinaire de son Conseil d\u2019administration (CASEM) le jeudi 16 juillet 2020, \u00e0 Ouagadougou. L\u2019\u00e9tat des lieux de l\u2019\u00e9lectrification et des propositions de mod\u00e8le de gestion efficace du syst\u00e8me \u00e9lectrique en milieu rural ont \u00e9t\u00e9 les principaux axes des \u00e9changes.<\/strong><\/p>\n<p>\u00ab Quel mod\u00e8le pour une gestion efficace des syst\u00e8mes \u00e9lectriques en milieu rural?\u00a0\u00bb, c\u2019est sous ce th\u00e8me que s\u2019est tenue la premi\u00e8re session du Conseil d\u2019administration du d\u00e9partement en charge de l\u2019\u00e9nergie, le jeudi 16 juillet 2020, \u00e0 Ouagadougou. Il a \u00e9t\u00e9 question de faire l\u2019\u00e9tat des lieux de l\u2019\u00e9lectrification rurale et d\u2019analyser le mod\u00e8le actuel du minist\u00e8re afin de d\u00e9gager des propositions de mod\u00e8le de gestion efficace du syst\u00e8me \u00e9lectrique en milieu rural. Par ailleurs, au cours de cette session, les acteurs ont fait le point des avanc\u00e9es engrang\u00e9es dans le secteur. Ainsi, gr\u00e2ce aux efforts conjugu\u00e9s de tous les acteurs du d\u00e9partement, le taux d\u2019\u00e9lectrification national est pass\u00e9 de 18,3% en 2015 \u00e0 40% en 2020. Le taux d\u2019\u00e9lectrification rural est pass\u00e9 de 3,06% en 2015 \u00e0 13% \u00e0 nos jours. Ce taux, selon le ministre de l\u2019\u00c9nergie, Dr Bachir Isma\u00ebl Ou\u00e9draogo, conna\u00eetra un grand bond pour atteindre 28% d\u2019ici \u00e0 la fin de l\u2019ann\u00e9e, avec la mise en \u0153uvre du plan d\u2019urgence et des projets d\u2019\u00e9lectrification en cours. Il est ressorti \u00e9galement que le nombre d\u2019abonn\u00e9s au r\u00e9seau national interconnect\u00e9 est pass\u00e9 de 575\u00a0000 en 2015 \u00e0 environ 800\u00a0000 actuellement et projet\u00e9 \u00e0 1\u00a0037\u00a0926 d\u2019ici \u00e0 la fin de l\u2019ann\u00e9e 2020. Dans le domaine de l\u2019efficacit\u00e9 \u00e9nerg\u00e9tique, le ministre de l\u2019\u00c9nergie a cit\u00e9 quelques acquis dont les projets de remplacement de l\u2019\u00e9clairage public et les projets de distribution de 1\u00a0500\u00a0000 lampes basses aux populations, la formation de plus de 5000 jeunes aux m\u00e9tiers du solaire en 2019 et la mise en \u0153uvre du projet \u00ab\u00a0backup solaire\u00a0\u00bb et des kits \u00ab\u00a0Solars home system\u00a0\u00bb.\u00a0\u00ab\u00a0En d\u00e9pit des d\u00e9fis s\u00e9curitaires qui ont entrav\u00e9 l\u2019ex\u00e9cution \u00e0 bonne date de certaines de nos activit\u00e9s, nous sommes parvenus au 31 d\u00e9cembre 2019, \u00e0 des taux moyens d\u2019ex\u00e9cution physique et financi\u00e8re des activit\u00e9s respectivement de 80,12% et de 91,66%. Au 31 mai 2020, malgr\u00e9 les d\u00e9fis sanitaires dus \u00e0 la pand\u00e9mie de la COVID-19, nous sommes \u00e0 un taux moyen d\u2019ex\u00e9cution physique de 37% des activit\u00e9s\u00a0\u00bb, a d\u00e9clar\u00e9 Dr Bachir Isma\u00ebl Ou\u00e9draogo. Au-del\u00e0 de tous ces acquis, il a reconnu que des efforts restent<br \/>\u00e0 faire pour acc\u00e9l\u00e9rer le<br \/>processus d\u2019\u00e9lectrification rurale. Cela se fera, a-t-il dit, gr\u00e2ce au concours du gouvernement et aux partenaires techniques et financiers. A ce propos, il a rappel\u00e9 qu\u2019en 2015, seulement 552 localit\u00e9s \u00e9taient \u00e9lectrifi\u00e9es dont 375 par la SONABEL et 177 par l\u2019Agence burkinab\u00e8 pour l\u2019\u00e9lectrification rurale (ABER). Mais, le soutien de tous les acteurs a permis, selon Dr Ou\u00e9draogo, d\u2019\u00e9lectrifier 1049 localit\u00e9s en fin 2019. A l\u2019attendre, d\u2019ici \u00e0 la fin de l\u2019ann\u00e9e en cours, 1511 localit\u00e9s seront \u00e9lectrifi\u00e9es soit un suppl\u00e9ment de 462 localit\u00e9s par rapport \u00e0 l\u2019ann\u00e9e derni\u00e8re.<\/p>\n<p>Gaspard BAYALA<\/p>\n<div class=\"td-a-rec td-a-rec-id-content_inline tdi_30_c22 td_block_template_1\"><img loading=\"lazy\" decoding=\"async\" class=\"aligncenter size-full wp-image-21314\" src=\"https:\/\/www.sidwaya.info\/wp-content\/uploads\/2020\/04\/Bandeau-Covid-19-Sidwaya-1.jpg\" alt=\"\" width=\"790\" height=\"98\"\/><\/div>\n<div class=\"td-a-rec td-a-rec-id-content_bottom tdi_31_261 td_block_template_1\"><img loading=\"lazy\" decoding=\"async\" class=\"aligncenter size-full wp-image-22415\" src=\"https:\/\/www.sidwaya.info\/wp-content\/uploads\/2020\/05\/Bandeau-paiement-mobile-site.png\" alt=\"\" width=\"728\" height=\"90\"\/><\/div>\n<p>Auteur: BM. Sidwaya<br \/>\n<a href=\"https:\/\/www.sidwaya.info\/blog\/2020\/07\/16\/electrification-rurale-vers-la-definition-dun-nouveau-paradigme-de-gestion\/\">Cliquez ici pour lire l&rsquo;article depuis sa source.<\/a><\/p>\n","protected":false},"excerpt":{"rendered":"<p>Le minist\u00e8re de l\u2019Energie a organis\u00e9 la premi\u00e8re session ordinaire de son Conseil d\u2019administration (CASEM) le jeudi 16 juillet 2020, \u00e0 Ouagadougou. L\u2019\u00e9tat des lieux de l\u2019\u00e9lectrification et des propositions de mod\u00e8le de gestion efficace du syst\u00e8me \u00e9lectrique en milieu rural ont \u00e9t\u00e9 les principaux axes des \u00e9changes. \u00ab Quel mod\u00e8le pour une gestion efficace [&hellip;]<\/p>\n","protected":false},"author":1816,"featured_media":92606,"comment_status":"closed","ping_status":"closed","sticky":false,"template":"","format":"standard","meta":{"fifu_image_url":"","fifu_image_alt":"","footnotes":""},"categories":[73,81],"tags":[],"class_list":["post-92605","post","type-post","status-publish","format-standard","has-post-thumbnail","hentry","category-actualite","category-burkina-faso"],"_links":{"self":[{"href":"https:\/\/linitiative.ca\/International\/wp-json\/wp\/v2\/posts\/92605","targetHints":{"allow":["GET"]}}],"collection":[{"href":"https:\/\/linitiative.ca\/International\/wp-json\/wp\/v2\/posts"}],"about":[{"href":"https:\/\/linitiative.ca\/International\/wp-json\/wp\/v2\/types\/post"}],"author":[{"embeddable":true,"href":"https:\/\/linitiative.ca\/International\/wp-json\/wp\/v2\/users\/1816"}],"replies":[{"embeddable":true,"href":"https:\/\/linitiative.ca\/International\/wp-json\/wp\/v2\/comments?post=92605"}],"version-history":[{"count":0,"href":"https:\/\/linitiative.ca\/International\/wp-json\/wp\/v2\/posts\/92605\/revisions"}],"wp:featuredmedia":[{"embeddable":true,"href":"https:\/\/linitiative.ca\/International\/wp-json\/"}],"wp:attachment":[{"href":"https:\/\/linitiative.ca\/International\/wp-json\/wp\/v2\/media?parent=92605"}],"wp:term":[{"taxonomy":"category","embeddable":true,"href":"https:\/\/linitiative.ca\/International\/wp-json\/wp\/v2\/categories?post=92605"},{"taxonomy":"post_tag","embeddable":true,"href":"https:\/\/linitiative.ca\/International\/wp-json\/wp\/v2\/tags?post=92605"}],"curies":[{"name":"wp","href":"https:\/\/api.w.org\/{rel}","templated":true}]}}