{"id":92607,"date":"2020-07-16T17:32:24","date_gmt":"2020-07-16T21:32:24","guid":{"rendered":"https:\/\/linitiative.ca\/International\/employabilite-des-jeunes-une-solution-dans-la-filiere-mangue\/"},"modified":"2020-07-16T17:32:24","modified_gmt":"2020-07-16T21:32:24","slug":"employabilite-des-jeunes-une-solution-dans-la-filiere-mangue","status":"publish","type":"post","link":"https:\/\/linitiative.ca\/International\/employabilite-des-jeunes-une-solution-dans-la-filiere-mangue\/","title":{"rendered":"Employabilit\u00e9 des jeunes: une solution dans la fili\u00e8re mangue"},"content":{"rendered":"<div class=\"td-post-featured-image\"><a href=\"https:\/\/www.sidwaya.info\/wp-content\/uploads\/2020\/07\/emploie17.jpg\" data-caption=\"\"><img loading=\"lazy\" decoding=\"async\" width=\"696\" height=\"464\" class=\"entry-thumb td-modal-image\" src=\"https:\/\/www.sidwaya.info\/wp-content\/uploads\/2020\/07\/emploie17-696x464.jpg\" srcset=\"https:\/\/www.sidwaya.info\/wp-content\/uploads\/2020\/07\/emploie17-696x464.jpg 696w, https:\/\/www.sidwaya.info\/wp-content\/uploads\/2020\/07\/emploie17-300x200.jpg 300w, https:\/\/www.sidwaya.info\/wp-content\/uploads\/2020\/07\/emploie17-768x512.jpg 768w, https:\/\/www.sidwaya.info\/wp-content\/uploads\/2020\/07\/emploie17-630x420.jpg 630w, https:\/\/www.sidwaya.info\/wp-content\/uploads\/2020\/07\/emploie17.jpg 787w\" sizes=\"auto, (max-width: 696px) 100vw, 696px\" alt=\"\" title=\"emploie17\"\/><\/a><\/div>\n<p><strong>La Chambre de commerce et d\u2019industrie du Burkina Faso a lanc\u00e9, en partenariat avec les Chambres des m\u00e9tiers et de l\u2019artisanat (CMA) du Burkina Faso et de Rh\u00f4ne en France et la Maison de l\u2019entreprise du Burkina Faso (MEBF), le \u00ab\u00a0projet de d\u00e9veloppement des comp\u00e9tences pour une meilleure employabilit\u00e9 des jeunes et des femmes dans la fili\u00e8re mangue\u00a0\u00bb, le 16 juillet 2020, \u00e0 Ouagadougou.<\/strong><\/p>\n<p>La Chambre de commerce et d\u2019industrie du Burkina Faso (CCI-BF) s\u2019est engag\u00e9e d\u2019am\u00e9liorer l\u2019employabilit\u00e9 des jeunes \u00e0 travers les fili\u00e8res porteuses. Fid\u00e8le \u00e0 cet engagement, elle a lanc\u00e9, en partenariat avec les Chambres des m\u00e9tiers et de l\u2019artisanat (CMA) du Burkina Faso et de Rh\u00f4ne en France et la Maison de l\u2019entreprise du Burkina Faso (MEBF), le \u00ab\u00a0projet de d\u00e9veloppement des comp\u00e9tences pour une meilleure employabilit\u00e9 des jeunes et des femmes dans la fili\u00e8re mangue\u00a0\u00bb, le 16 juillet 2020, \u00e0 Ouagadougou. Selon le vice-pr\u00e9sident de la CCI-BF, Mamady Sanoh, ce projet soumis dans le cadre de l\u2019appel \u00e0 projet Archipelago, couvre les r\u00e9gions du Centre, des Cascades et des Hauts-Bassins, sur une dur\u00e9e de 30 mois, avec un co\u00fbt d\u2019environ 400 millions FCFA. Il vise \u00e0 contribuer \u00e0 l\u2019am\u00e9lioration durable de l\u2019employabilit\u00e9 des femmes, des jeunes et des migrants de retour et au d\u00e9veloppement de la fili\u00e8re mangue, a-t-il ajout\u00e9.<\/p>\n<p>Assurer un transfert de comp\u00e9tences<\/p>\n<div class=\"td-a-rec td-a-rec-id-content_inline tdi_30_af1 td_block_template_1\"><img loading=\"lazy\" decoding=\"async\" class=\"aligncenter size-full wp-image-21314\" src=\"https:\/\/www.sidwaya.info\/wp-content\/uploads\/2020\/04\/Bandeau-Covid-19-Sidwaya-1.jpg\" alt=\"\" width=\"790\" height=\"98\"\/><\/div>\n<p>M. Sanoh s\u2019est r\u00e9joui de l\u2019obtention du financement de l\u2019Union europ\u00e9enne (UE) pour la mise en \u0153uvre des actions de formation, d\u2019insertion professionnelle et d\u2019accompagnement \u00e0 l\u2019innovation au profit des acteurs de la fili\u00e8re mangue qui a un fort potentiel. La coordonnatrice du programme Archipelago, Anja Witt a, dans son message livr\u00e9 depuis Bruxelles par visioconf\u00e9rence, indiqu\u00e9 que ce projet constitue un cadre d\u2019\u00e9changes de connaissances et d\u2019opportunit\u00e9s par les diff\u00e9rentes parties prenantes. Pour sa part, le pr\u00e9sident de la CMA de Rh\u00f4ne, Alain Audouard, a, depuis Lyon en France, marqu\u00e9 la disponibilit\u00e9 de sa structure \u00e0 \u0153uvrer \u00e0 la r\u00e9ussite du projet, en mettant \u00e0 contribution son expertise dans le domaine de la formation<br \/>professionnelle. \u00ab\u00a0L\u2019impact de nos actions et leur durabilit\u00e9 est le<br \/>principal leitmotiv\u00a0\u00bb, a-t-il martel\u00e9. \u00a0Le repr\u00e9sentant de l\u2019UE, Hans- Christian Beaumond, quant \u00e0 lui, a laiss\u00e9 entendre que l\u2019op\u00e9rationnalisation de cette initiative va contribuer \u00e0 augmenter le volume des \u00e9changes commerciaux entre l\u2019Europe et le pays des Hommes int\u00e8gres. Le ministre du Commerce, de l\u2019Industrie et de l\u2019Artisanat, Harouna Kabor\u00e9, a salu\u00e9 la pertinence du projet Archipelago-Mangue. Pour lui, ses objectifs sont \u00e0 la fois en phase avec la politique sectorielle de son d\u00e9partement et le Plan national de d\u00e9veloppement \u00e9conomique et social (PNDES). Pour garantir le succ\u00e8s du projet et la p\u00e9rennit\u00e9 des acquis, le ministre Kabor\u00e9 a recommand\u00e9 que, dans le cadre d\u2019une coop\u00e9ration d\u00e9centralis\u00e9e Nord-Sud, des dispositions soient prises pour un transfert de comp\u00e9tences.<\/p>\n<p>Mahamadi SEBOGO<br \/>Windmad76@gmail.com<\/p>\n<div class=\"td-a-rec td-a-rec-id-content_bottom tdi_31_512 td_block_template_1\"><img loading=\"lazy\" decoding=\"async\" class=\"aligncenter size-full wp-image-22415\" src=\"https:\/\/www.sidwaya.info\/wp-content\/uploads\/2020\/05\/Bandeau-paiement-mobile-site.png\" alt=\"\" width=\"728\" height=\"90\"\/><\/div>\n<p>Auteur: BM. Sidwaya<br \/>\n<a href=\"https:\/\/www.sidwaya.info\/blog\/2020\/07\/16\/employabilite-des-jeunes-une-solution-dans-la-filiere-mangue\/\">Cliquez ici pour lire l&rsquo;article depuis sa source.<\/a><\/p>\n","protected":false},"excerpt":{"rendered":"<p>La Chambre de commerce et d\u2019industrie du Burkina Faso a lanc\u00e9, en partenariat avec les Chambres des m\u00e9tiers et de l\u2019artisanat (CMA) du Burkina Faso et de Rh\u00f4ne en France et la Maison de l\u2019entreprise du Burkina Faso (MEBF), le \u00ab\u00a0projet de d\u00e9veloppement des comp\u00e9tences pour une meilleure employabilit\u00e9 des jeunes et des femmes dans [&hellip;]<\/p>\n","protected":false},"author":1816,"featured_media":92608,"comment_status":"closed","ping_status":"closed","sticky":false,"template":"","format":"standard","meta":{"fifu_image_url":"","fifu_image_alt":"","footnotes":""},"categories":[73,81],"tags":[],"class_list":["post-92607","post","type-post","status-publish","format-standard","has-post-thumbnail","hentry","category-actualite","category-burkina-faso"],"_links":{"self":[{"href":"https:\/\/linitiative.ca\/International\/wp-json\/wp\/v2\/posts\/92607","targetHints":{"allow":["GET"]}}],"collection":[{"href":"https:\/\/linitiative.ca\/International\/wp-json\/wp\/v2\/posts"}],"about":[{"href":"https:\/\/linitiative.ca\/International\/wp-json\/wp\/v2\/types\/post"}],"author":[{"embeddable":true,"href":"https:\/\/linitiative.ca\/International\/wp-json\/wp\/v2\/users\/1816"}],"replies":[{"embeddable":true,"href":"https:\/\/linitiative.ca\/International\/wp-json\/wp\/v2\/comments?post=92607"}],"version-history":[{"count":0,"href":"https:\/\/linitiative.ca\/International\/wp-json\/wp\/v2\/posts\/92607\/revisions"}],"wp:featuredmedia":[{"embeddable":true,"href":"https:\/\/linitiative.ca\/International\/wp-json\/"}],"wp:attachment":[{"href":"https:\/\/linitiative.ca\/International\/wp-json\/wp\/v2\/media?parent=92607"}],"wp:term":[{"taxonomy":"category","embeddable":true,"href":"https:\/\/linitiative.ca\/International\/wp-json\/wp\/v2\/categories?post=92607"},{"taxonomy":"post_tag","embeddable":true,"href":"https:\/\/linitiative.ca\/International\/wp-json\/wp\/v2\/tags?post=92607"}],"curies":[{"name":"wp","href":"https:\/\/api.w.org\/{rel}","templated":true}]}}