{"id":92621,"date":"2020-07-17T10:00:39","date_gmt":"2020-07-17T14:00:39","guid":{"rendered":"https:\/\/linitiative.ca\/International\/polemique-autour-de-la-restauration-du-cafe-maure-des-oudayas\/"},"modified":"2020-07-17T10:00:39","modified_gmt":"2020-07-17T14:00:39","slug":"polemique-autour-de-la-restauration-du-cafe-maure-des-oudayas","status":"publish","type":"post","link":"https:\/\/linitiative.ca\/International\/polemique-autour-de-la-restauration-du-cafe-maure-des-oudayas\/","title":{"rendered":"Pol\u00e9mique autour de la restauration du caf\u00e9 Maure des Oudayas"},"content":{"rendered":"<p><img decoding=\"async\" class=\"post_layout_5_img\" src=\"http:\/\/aujourdhui.ma\/wp-content\/uploads\/2020\/07\/cafe\u0301-Maure-des-Oudayas.jpg\" alt=\"Pol&#xE9;mique autour de la restauration du caf&#xE9; Maure des Oudayas\"\/><\/p>\n<p><span class=\"c6\"><strong><span class=\"c5\">Les images de d\u00e9molition suscitent l\u2019indignation sur le Net<\/span><\/strong><\/span><br \/><span id=\"more-350925\"\/><\/p>\n<p><span class=\"c7\">\u00abLe projet de restauration pr\u00e9servera l\u2019identit\u00e9 immuable et originelle et r\u00e9elle du lieu\u00bb. Cette option strat\u00e9gique prendra le soin d\u2019\u00e9vacuer tout ajout ou appendices ayant, de fait, port\u00e9 atteinte \u00e0 l\u2019int\u00e9grit\u00e9 architecturale historique de ce lieu de m\u00e9moire.<\/span><\/p>\n<p>La reconstruction du c\u00e9l\u00e8bre caf\u00e9 Maure situ\u00e9 au c\u0153ur des mythique Oudayas de Rabat a enflamm\u00e9 la Toile et provoqu\u00e9 la col\u00e8re de l\u2019opinion publique. Les images de d\u00e9molition, largement diffus\u00e9es sur les r\u00e9seaux sociaux, ont suscit\u00e9 l\u2019indignation des citoyens et les habitu\u00e9s de cet endroit fort fr\u00e9quent\u00e9. Sur les photos qui circulent, les symboles de ce monument historique semblent avoir \u00e9t\u00e9 d\u00e9molis, sans savoir, si ce lieu va garder son identit\u00e9 historique. A propos de ce sujet, les deux Associations Ribat Al-Fath et Rabat Sal\u00e9 M\u00e9moire ont rendu publiques des pr\u00e9cisions autour de cette pol\u00e9mique, suite \u00e0 une r\u00e9union tenue, tout r\u00e9cemment, en pr\u00e9sence du wali de Rabat-Sal\u00e9-K\u00e9nitra et du directeur r\u00e9gional du minist\u00e8re de la culture. Dans un communiqu\u00e9, les associations expliquent que l\u2019intervention sur le Caf\u00e9 Maure s\u2019int\u00e8gre dans un projet global de mise en valeur de la Kasbah des Oudayas.<\/p>\n<p>\u00abCe projet vise \u00e0 favoriser le retour aux v\u00e9ritables composantes structurelles et architecturales originelles du lieu telles que attest\u00e9es par diff\u00e9rents travaux et supports photographiques d\u2019\u00e9poque et pr\u00e9alablement recommand\u00e9es par l\u2019\u00e9tude d\u2019impact patrimonial (EIP) \u00e9tablie en la circonstance\u00bb, expliquent les deux parties, en notant que sur le plan structurel, \u00abcet espace embl\u00e9matique souffre de graves probl\u00e8mes dus \u00e0 des ajouts hors norme constituant aujourd\u2019hui des vices cach\u00e9s tels que l\u2019\u00e9rosion des sols d\u2019assises du caf\u00e9, la fragilisation des contreforts, la corrosion des aciers des dalles en b\u00e9ton arm\u00e9, l\u2019infestation et la d\u00e9gradation des poutres en bois soutenant les banquettes en encorbellement sur falaise et l\u2019absence de fondations des poteaux de la structure en b\u00e9ton arm\u00e9\u00bb. Ces constats, soumis en s\u00e9ance aux deux associations, rel\u00e8vent des diagnostics \u00e9tablis par le laboratoire, le bureau d\u2019\u00e9tude sp\u00e9cialis\u00e9 et l\u2019architecte, note le communiqu\u00e9, ajoutant qu\u2019\u00e0 terme, cette situation met en p\u00e9ril la stabilit\u00e9 de ce lieu \u00e0 haute fr\u00e9quentation publique et touristique.<\/p>\n<p>Sur le plan architectural, les deux associations assurent que \u00able projet de restauration pr\u00e9servera l\u2019identit\u00e9 immuable et originelle et r\u00e9elle du lieu\u00bb, ajoutant que cette option strat\u00e9gique prendra le soin d\u2019\u00e9vacuer tout ajout ou appendices ayant, de fait, port\u00e9 atteinte \u00e0 l\u2019int\u00e9grit\u00e9 architecturale historique de ce lieu de m\u00e9moire. Dans ce sens les deux parties ont convenu deux dispositions, \u00e0 savoir la concertation pr\u00e9alable future avec l\u2019ensemble des acteurs concern\u00e9s par le patrimoine, dont la soci\u00e9t\u00e9 civile. Cette communication permettra d\u2019\u00e9viter \u00e0 l\u2019avenir tout probl\u00e8me entravant l\u2019adh\u00e9sion collective aux projets de cette nature, tout en renfor\u00e7ant leur l\u00e9gitimit\u00e9. Concernant la deuxi\u00e8me disposition, elle porte sur la cr\u00e9ation de commissions de suivi de la r\u00e9alisation de l\u2019ensemble des projets sensibles impactant l\u2019image et la m\u00e9moire de la ville de Rabat, poursuit la m\u00eame source. Et de conclure que \u00abla destin\u00e9e du projet de restauration du Caf\u00e9 Maure de la Kasbah des Oudayas offre \u00e0 la collectivit\u00e9 \u0153uvrant au service du patrimoine culturel l\u2019opportunit\u00e9 d\u2019ouvrir une nouvelle page pour une gestion partag\u00e9e des questions du patrimoine\u00bb.<\/p>\n<p><strong>L\u2019\u00e9tude d\u2019impact patrimonial est \u00e0 la charge du ma\u00eetre d\u2019ouvrage<\/strong><\/p>\n<p>En somme, il faut noter que plusieurs parties prenantes sont engag\u00e9es dans le projet global de mise en valeur de la Kasbah des Oudayas. Selon un arr\u00eat\u00e9 de la wilaya, qui d\u00e9finit et fixe le champ d\u2019application des EIP et les modalit\u00e9s de fonctionnement de la Commission des \u00e9tudes d\u2019impact sur le patrimoine, \u00ables EIP sont \u00e0 la charge du ma\u00eetre d\u2019ouvrage\u00bb. Sont assujettis aux \u00e9tudes d\u2019impact sur le patrimoine, les grands projets situ\u00e9s \u00e0 l\u2019int\u00e9rieur des zones inscrite et tampon, susceptibles d\u2019avoir un impact sur la valeur universelle exceptionnelle du bien. La m\u00eame source indique que \u00ables EIP sont men\u00e9es par une \u00e9quipe d\u2019experts justifiant de connaissances techniques et juridiques av\u00e9r\u00e9es\u00a0et conform\u00e9ment au guide du Conseil international des monuments et des sites (ICOMOS) de 2011, portant orientations relatives aux \u00e9tudes d\u2019impact sur le patrimoine pour les biens du patrimoine mondial culturel\u00bb. L\u2019arr\u00eat\u00e9 rel\u00e8ve que la Commission des \u00e9tudes d\u2019impact sur le patrimoine a pour mission \u00abd\u2019examiner les \u00e9tudes d\u2019impact sur le patrimoine, s\u2019assurer de leur conformit\u00e9 au guide de l\u2019Icomos et approuver ou rejeter les EIP\u00bb. Le m\u00eame document note que \u00abla commission est constitu\u00e9e des membres, la wilaya de la R\u00e9gion de Rabat-Sal\u00e9-K\u00e9nitra, la Direction r\u00e9gionale de la culture, l\u2019Inspection r\u00e9gionale de l\u2019urbanisme, de l\u2019architecture et de l\u2019am\u00e9nagement du territoire national, le Centre r\u00e9gional d\u2019investissement, la Commune de Rabat, la Commune de Sal\u00e9 si le projet est situ\u00e9 dans la zone tampon relevant de son territoire, l\u2019Agence Urbaine de Rabat-Sal\u00e9 et l\u2019Agence d\u2019am\u00e9nagement de la vall\u00e9e de Bouregreg si le projet est situ\u00e9 dans son p\u00e9rim\u00e8tre\u00bb.<\/p>\n<p>Auteur: Siham Jadraoui<br \/>\n<a href=\"https:\/\/aujourdhui.ma\/culture\/polemique-autour-de-la-restauration-du-cafe-maure-des-oudayas\">Cliquez ici pour lire l&rsquo;article depuis sa source.<\/a><\/p>\n","protected":false},"excerpt":{"rendered":"<p>Les images de d\u00e9molition suscitent l\u2019indignation sur le Net \u00abLe projet de restauration pr\u00e9servera l\u2019identit\u00e9 immuable et originelle et r\u00e9elle du lieu\u00bb. Cette option strat\u00e9gique prendra le soin d\u2019\u00e9vacuer tout ajout ou appendices ayant, de fait, port\u00e9 atteinte \u00e0 l\u2019int\u00e9grit\u00e9 architecturale historique de ce lieu de m\u00e9moire. La reconstruction du c\u00e9l\u00e8bre caf\u00e9 Maure situ\u00e9 au [&hellip;]<\/p>\n","protected":false},"author":1759,"featured_media":92622,"comment_status":"closed","ping_status":"closed","sticky":false,"template":"","format":"standard","meta":{"fifu_image_url":"","fifu_image_alt":"","footnotes":""},"categories":[73,54],"tags":[],"class_list":["post-92621","post","type-post","status-publish","format-standard","has-post-thumbnail","hentry","category-actualite","category-maroc"],"_links":{"self":[{"href":"https:\/\/linitiative.ca\/International\/wp-json\/wp\/v2\/posts\/92621","targetHints":{"allow":["GET"]}}],"collection":[{"href":"https:\/\/linitiative.ca\/International\/wp-json\/wp\/v2\/posts"}],"about":[{"href":"https:\/\/linitiative.ca\/International\/wp-json\/wp\/v2\/types\/post"}],"author":[{"embeddable":true,"href":"https:\/\/linitiative.ca\/International\/wp-json\/wp\/v2\/users\/1759"}],"replies":[{"embeddable":true,"href":"https:\/\/linitiative.ca\/International\/wp-json\/wp\/v2\/comments?post=92621"}],"version-history":[{"count":0,"href":"https:\/\/linitiative.ca\/International\/wp-json\/wp\/v2\/posts\/92621\/revisions"}],"wp:featuredmedia":[{"embeddable":true,"href":"https:\/\/linitiative.ca\/International\/wp-json\/"}],"wp:attachment":[{"href":"https:\/\/linitiative.ca\/International\/wp-json\/wp\/v2\/media?parent=92621"}],"wp:term":[{"taxonomy":"category","embeddable":true,"href":"https:\/\/linitiative.ca\/International\/wp-json\/wp\/v2\/categories?post=92621"},{"taxonomy":"post_tag","embeddable":true,"href":"https:\/\/linitiative.ca\/International\/wp-json\/wp\/v2\/tags?post=92621"}],"curies":[{"name":"wp","href":"https:\/\/api.w.org\/{rel}","templated":true}]}}