{"id":92623,"date":"2020-07-17T11:07:20","date_gmt":"2020-07-17T15:07:20","guid":{"rendered":"https:\/\/linitiative.ca\/International\/el-jadida-soutenant-son-neveu-il-commet-un-meurtre\/"},"modified":"2020-07-17T11:07:20","modified_gmt":"2020-07-17T15:07:20","slug":"el-jadida-soutenant-son-neveu-il-commet-un-meurtre","status":"publish","type":"post","link":"https:\/\/linitiative.ca\/International\/el-jadida-soutenant-son-neveu-il-commet-un-meurtre\/","title":{"rendered":"El Jadida : Soutenant son neveu, il commet un meurtre"},"content":{"rendered":"<header>\n<\/header>\n<div class=\"entry-content clearfix\" readability=\"57\"><img decoding=\"async\" class=\"post_layout_5_img\" src=\"http:\/\/aujourdhui.ma\/wp-content\/uploads\/2020\/07\/victime.jpg\" alt=\"El Jadida : Soutenant son neveu, il commet un meurtre\"\/><\/p>\n<p><span class=\"c5\"><strong>Mardi dernier, t\u00f4t le matin, les \u00e9l\u00e9ments de la gendarmerie royale du centre Sidi Bouzid ont arr\u00eat\u00e9, \u00e0 Sidi Abed relevant de la Ca\u00efdat Ouled Issa, province d\u2019El Jadida, un jeune homme, la trentaine, qui a mis fin \u00e0 la vie d\u2019un quadrag\u00e9naire.<\/strong><span id=\"more-350935\"\/><\/span><\/p>\n<p>Apr\u00e8s un malentendu qui a \u00e9clat\u00e9, la nuit du lundi au mardi, 13 au 14 juillet, entre la victime et le neveu du meurtrier, les esprits se sont apparemment calm\u00e9s apr\u00e8s l\u2019intervention des voisins. Chacun des deux antagonistes est rentr\u00e9 chez lui. Mais c\u2019\u00e9tait le calme avant la temp\u00eate.<\/p>\n<p>Le neveu qui \u00e9tait sous l\u2019effet de l\u2019alcool a rejoint son oncle pour lui expliquer qu\u2019il a \u00e9t\u00e9 maltrait\u00e9 par son voisin. Hors de lui, l\u2019oncle s\u2019est arm\u00e9 d\u2019un couteau et s\u2019est lanc\u00e9 \u00e0 la recherche du quadrag\u00e9naire. D\u00e8s qu\u2019il l\u2019a vu, il l\u2019a attaqu\u00e9 sauvagement et lui a ass\u00e9n\u00e9 plusieurs coups de couteau. Il ne s\u2019est arr\u00eat\u00e9 qu\u2019une fois que la victime est tomb\u00e9e par terre sans connaissance. Elle ne tardera pas \u00e0 rendre l\u2019\u00e2me. Prenant la fuite, le meurtrier a \u00e9t\u00e9 arr\u00eat\u00e9 mardi vers l\u2019aube.<\/p>\n<\/div>\n<p>Auteur: Abderrafii ALOUMLIKI<br \/>\n<a href=\"https:\/\/aujourdhui.ma\/faits-divers\/el-jadida-soutenant-son-neveu-il-commet-un-meurtre\">Cliquez ici pour lire l&rsquo;article depuis sa source.<\/a><\/p>\n","protected":false},"excerpt":{"rendered":"<p>Mardi dernier, t\u00f4t le matin, les \u00e9l\u00e9ments de la gendarmerie royale du centre Sidi Bouzid ont arr\u00eat\u00e9, \u00e0 Sidi Abed relevant de la Ca\u00efdat Ouled Issa, province d\u2019El Jadida, un jeune homme, la trentaine, qui a mis fin \u00e0 la vie d\u2019un quadrag\u00e9naire. Apr\u00e8s un malentendu qui a \u00e9clat\u00e9, la nuit du lundi au mardi, [&hellip;]<\/p>\n","protected":false},"author":1759,"featured_media":92624,"comment_status":"closed","ping_status":"closed","sticky":false,"template":"","format":"standard","meta":{"fifu_image_url":"","fifu_image_alt":"","footnotes":""},"categories":[73,54],"tags":[],"class_list":["post-92623","post","type-post","status-publish","format-standard","has-post-thumbnail","hentry","category-actualite","category-maroc"],"_links":{"self":[{"href":"https:\/\/linitiative.ca\/International\/wp-json\/wp\/v2\/posts\/92623","targetHints":{"allow":["GET"]}}],"collection":[{"href":"https:\/\/linitiative.ca\/International\/wp-json\/wp\/v2\/posts"}],"about":[{"href":"https:\/\/linitiative.ca\/International\/wp-json\/wp\/v2\/types\/post"}],"author":[{"embeddable":true,"href":"https:\/\/linitiative.ca\/International\/wp-json\/wp\/v2\/users\/1759"}],"replies":[{"embeddable":true,"href":"https:\/\/linitiative.ca\/International\/wp-json\/wp\/v2\/comments?post=92623"}],"version-history":[{"count":0,"href":"https:\/\/linitiative.ca\/International\/wp-json\/wp\/v2\/posts\/92623\/revisions"}],"wp:featuredmedia":[{"embeddable":true,"href":"https:\/\/linitiative.ca\/International\/wp-json\/"}],"wp:attachment":[{"href":"https:\/\/linitiative.ca\/International\/wp-json\/wp\/v2\/media?parent=92623"}],"wp:term":[{"taxonomy":"category","embeddable":true,"href":"https:\/\/linitiative.ca\/International\/wp-json\/wp\/v2\/categories?post=92623"},{"taxonomy":"post_tag","embeddable":true,"href":"https:\/\/linitiative.ca\/International\/wp-json\/wp\/v2\/tags?post=92623"}],"curies":[{"name":"wp","href":"https:\/\/api.w.org\/{rel}","templated":true}]}}