{"id":92629,"date":"2020-07-17T09:05:54","date_gmt":"2020-07-17T13:05:54","guid":{"rendered":"https:\/\/linitiative.ca\/International\/la-cession-enflamme-la-session\/"},"modified":"2020-07-17T09:05:54","modified_gmt":"2020-07-17T13:05:54","slug":"la-cession-enflamme-la-session","status":"publish","type":"post","link":"https:\/\/linitiative.ca\/International\/la-cession-enflamme-la-session\/","title":{"rendered":"La cession enflamme la session!"},"content":{"rendered":"<p class=\"has-text-color c2\"><strong>La capitale du Souss a v\u00e9cu ces derniers jours, un large remous dans les rangs de la soci\u00e9t\u00e9 civile, depuis que la commune avait rendu public l\u2019ordre du jour de la session extraordinaire qui contenait un point \u00e9lectrique relatif \u00e0 la cession du camping et le parc municipal.<\/strong><\/p>\n<p>Lors de la rencontre de conseillers \u00e0 l\u2019h\u00f4tel de ville pour d\u00e9battre de cette question qui eut suscit\u00e9 une forte tension, des citoyens se sont attroup\u00e9s \u00e0 l\u2019entr\u00e9e dont une bonne partie fut, contre gr\u00e9, repouss\u00e9e hors de la salle. Il faut bien dire que le ton s\u2019est manifestement hauss\u00e9, face \u00e0 cette affaire qui fomentait, faut-il bien le rappeler, une farouche opposition, il y a quelques jours d\u00e9j\u00e0.<\/p>\n<p>En fait, il s\u2019agit tout de m\u00eame de biens communaux qui sont soumis au renoncement sur l\u2019autel de la vente aux ench\u00e8res, sur la base de cahier de charges aux normes requises. Il convient tout d\u2019abord d\u2019\u00e9voquer, sans aucune surench\u00e8re, que ce n\u2019est gu\u00e8re la premi\u00e8re fois que cette op\u00e9ration se produise, \u00e0 ce niveau. D\u2019autres sites de la cit\u00e9 ont d\u00fb conna\u00eetre le m\u00eame sort, sans qu\u2019ils soul\u00e8vent, pour autant, le m\u00eame toll\u00e9 intensif.<\/p>\n<p>Naturellement, la capitulation de l\u2019assiette fonci\u00e8re de la commune a, de tout temps, \u00e9veill\u00e9 des oppositions parmi les populations qui se voient priver de la terre, pareil aux legs des anc\u00eatres. Par principe, on ne peut, en fait, que r\u00e9prouver l\u2019acte de cession, sous quelque motif que ce soit.<\/p>\n<p>Mais, on constatera, quand m\u00eame, que sur ce cas d\u2019esp\u00e8ce, il y avait, au sein des membres de la commune, un diff\u00e9rend de points de vue autour de l\u2019utilit\u00e9 de l\u2019ali\u00e9nation. La diff\u00e9rence \u00e9triqu\u00e9e qui a sanctionn\u00e9 le verdict votatif t\u00e9moigne du d\u00e9partage sur cette transaction surchauff\u00e9e. Tout en sachant que la commune a proc\u00e9d\u00e9, ces derniers temps, \u00e0 des acquisitions de terrains, moyennant des sommes assez faramineuses en vue de monter certains \u00a0projets en ville.<\/p>\n<p>\u00a0Il est \u00e0 retenir aussi les argumentaires avanc\u00e9s par les partisans du transfert de l\u2019immobilier communal, selon lesquels il est question de se doter de liquidit\u00e9 pour honorer les obligations\u00a0 envers le programme de l\u2019essor urbain de la ville.<\/p>\n<p>A cet \u00e9gard, la commune est contrainte de s\u2019attribuer de la bagatelle de plus de 189 milliards de centimes, au cours des quatre ann\u00e9es de ce plan de r\u00e9habilitation. Dans ce sens, on se serait interrog\u00e9 sur l\u2019\u00e9margement au bas de \u00a0l\u2019engagement, sous la pr\u00e9sidence effective \u00a0du Roi, si on n\u2019est pas en possession de sa part de partenariat qui s\u2019av\u00e8re, en effet, d\u00e9border sur ses propres capacit\u00e9s!<\/p>\n<p>Certes, on ne peut nullement parler de \u00abpatrimoine historique ni identitaire\u00bb \u00e0 propos de ces deux biens \u00e0 c\u00e9der, tel qu\u2019\u00e9voqu\u00e9 par certaines expressions, pour la simple raison qu\u2019ils ne rel\u00e8vent pas de site patrimonial et se trouvent, depuis fort longtemps, dans un \u00e9tat piteux.<\/p>\n<p>Toutefois, les opposants \u00e0 cette cession se montrent, par le biais de leur communiqu\u00e9, intransigeants \u00e0 la vente de ces fonciers et r\u00e9clament de chercher ailleurs le compl\u00e9ment de financement du projet royal de d\u00e9veloppement, alors que les adeptes de la cession y trouvent tout l\u2019int\u00e9r\u00eat de la ville.<\/p>\n<p>Une rivalit\u00e9 qui se d\u00e9clenche \u00e0 un moment d\u00e9licat de la toile excit\u00e9e du filigrane \u00e9lectoral, tout en esp\u00e9rant que le souci supr\u00eame de la ville l\u2019emporte sur des consid\u00e9rations r\u00e9ductrices, de part et d\u2019autre. \u00a0\u00a0\u00a0\u00a0\u00a0\u00a0\u00a0\u00a0\u00a0\u00a0<\/p>\n<p>Auteur: M&rsquo;hammed rahal<br \/>\n<a href=\"http:\/\/albayane.press.ma\/la-cession-enflamme-la-session.html\">Cliquez ici pour lire l&rsquo;article depuis sa source.<\/a><\/p>\n","protected":false},"excerpt":{"rendered":"<p>La capitale du Souss a v\u00e9cu ces derniers jours, un large remous dans les rangs de la soci\u00e9t\u00e9 civile, depuis que la commune avait rendu public l\u2019ordre du jour de la session extraordinaire qui contenait un point \u00e9lectrique relatif \u00e0 la cession du camping et le parc municipal. Lors de la rencontre de conseillers \u00e0 [&hellip;]<\/p>\n","protected":false},"author":1760,"featured_media":0,"comment_status":"closed","ping_status":"closed","sticky":false,"template":"","format":"standard","meta":{"fifu_image_url":"","fifu_image_alt":"","footnotes":""},"categories":[73,54],"tags":[],"class_list":["post-92629","post","type-post","status-publish","format-standard","hentry","category-actualite","category-maroc"],"_links":{"self":[{"href":"https:\/\/linitiative.ca\/International\/wp-json\/wp\/v2\/posts\/92629","targetHints":{"allow":["GET"]}}],"collection":[{"href":"https:\/\/linitiative.ca\/International\/wp-json\/wp\/v2\/posts"}],"about":[{"href":"https:\/\/linitiative.ca\/International\/wp-json\/wp\/v2\/types\/post"}],"author":[{"embeddable":true,"href":"https:\/\/linitiative.ca\/International\/wp-json\/wp\/v2\/users\/1760"}],"replies":[{"embeddable":true,"href":"https:\/\/linitiative.ca\/International\/wp-json\/wp\/v2\/comments?post=92629"}],"version-history":[{"count":0,"href":"https:\/\/linitiative.ca\/International\/wp-json\/wp\/v2\/posts\/92629\/revisions"}],"wp:attachment":[{"href":"https:\/\/linitiative.ca\/International\/wp-json\/wp\/v2\/media?parent=92629"}],"wp:term":[{"taxonomy":"category","embeddable":true,"href":"https:\/\/linitiative.ca\/International\/wp-json\/wp\/v2\/categories?post=92629"},{"taxonomy":"post_tag","embeddable":true,"href":"https:\/\/linitiative.ca\/International\/wp-json\/wp\/v2\/tags?post=92629"}],"curies":[{"name":"wp","href":"https:\/\/api.w.org\/{rel}","templated":true}]}}