{"id":92630,"date":"2020-07-17T09:11:10","date_gmt":"2020-07-17T13:11:10","guid":{"rendered":"https:\/\/linitiative.ca\/International\/liga-le-real-madrid-champion-despagne\/"},"modified":"2020-07-17T09:11:10","modified_gmt":"2020-07-17T13:11:10","slug":"liga-le-real-madrid-champion-despagne","status":"publish","type":"post","link":"https:\/\/linitiative.ca\/International\/liga-le-real-madrid-champion-despagne\/","title":{"rendered":"Liga: le Real Madrid champion d\u2019Espagne!"},"content":{"rendered":"<p class=\"has-text-color c2\"><strong>Zin\u00e9dine Zidane a ramen\u00e9 le Real Madrid au sommet de la Liga avec un 34e titre de champion d\u2019Espagne, le premier depuis celui conquis en 2017 par l\u2019entra\u00eeneur fran\u00e7ais, qui brise de nouveau l\u2019h\u00e9g\u00e9monie du FC Barcelone.<\/strong><\/p>\n<div class=\"wp-block-image\"><img loading=\"lazy\" decoding=\"async\" src=\"http:\/\/albayane.press.ma\/wp-content\/uploads\/zidane-2.jpg\" alt=\"\" class=\"wp-image-92995\" width=\"555\" height=\"330\"\/><\/div>\n<p>Apr\u00e8s deux ans de r\u00e8gne de l\u2019ennemi jur\u00e9 barcelonais, le Real a reconquis la couronne d\u2019Espagne en battant Villarreal 2-1 jeudi pour la 37e journ\u00e9e gr\u00e2ce \u00e0 un doubl\u00e9 de l\u2019avant-centre fran\u00e7ais Karim Benzema (29e, 76e). Et la bande \u00e0 \u00ab\u00a0ZZ\u00a0\u00bb lorgne d\u00e9j\u00e0 sur la Ligue des champions, en ao\u00fbt, pour un doubl\u00e9 historique en cette saison boulevers\u00e9e par la pand\u00e9mie de nouveau coronavirus.<\/p>\n<p>A une journ\u00e9e de la fin du championnat (dimanche), le Real ne peut plus \u00eatre rattrap\u00e9 par le Bar\u00e7a: les Catalans, qui voient enfin le bout d\u2019une saison cauchemar sans aucun troph\u00e9e national, ont \u00e9t\u00e9 d\u00e9faits 2-1 par Osasuna ce jeudi soir au Camp Nou, et comptent sept points de moins que les Madril\u00e8nes, math\u00e9matiquement champions.<\/p>\n<p>\u00ab\u00a0Je ne suis pas tellement expressif, mais \u00e0 l\u2019int\u00e9rieur, je suis tr\u00e8s heureux\u00a0\u00bb, a confi\u00e9 Zidane, ivre de joie et presque \u00e9mu aux larmes, jeudi soir en conf\u00e9rence de presse d\u2019apr\u00e8s-match. \u00ab\u00a0La Liga est tr\u00e8s difficile \u00e0 gagner, et je disais toujours que rien n\u2019\u00e9tait encore gagn\u00e9. Mais aujourd\u2019hui oui, c\u2019est gagn\u00e9, alors je peux sortir mon plus beau sourire\u00a0\u00bb, a savour\u00e9 \u00ab\u00a0Zizou\u00a0\u00bb.<\/p>\n<p>Avec ce nouveau sacre, c\u2019est un alchimiste du football qui est r\u00e9compens\u00e9: revenu au Real en mars 2019, apr\u00e8s un premier mandat couronn\u00e9 de succ\u00e8s (2016-2018) puis neuf mois sabbatiques, Zin\u00e9dine Zidane (48 ans) avait repris une \u00e9quipe blanche \u00e0 la d\u00e9rive. En un an, le Fran\u00e7ais en a fait une machine \u00e0 gagner qui lui a offert son 11e titre sur 16 possibles \u00e0 la t\u00eate de la \u00ab\u00a0Maison blanche\u00a0\u00bb.<\/p>\n<p>Ce sacre-l\u00e0 aura \u00e0 jamais un go\u00fbt particulier: le Real restera le champion d\u2019une \u00e9dition m\u00e9morable de la Liga, chamboul\u00e9e par la pand\u00e9mie de nouveau coronavirus qui a interrompu la comp\u00e9tition pendant trois mois entre mars et juin, et qui a oblig\u00e9 les joueurs \u00e0 une fin de saison en mode tournoi, avec des matches tous les trois jours, \u00e0 huis clos et sous l\u2019accablante chaleur de l\u2019\u00e9t\u00e9 espagnol.<\/p>\n<p>Et pour le technicien marseillais, d\u00e9sormais double champion d\u2019Espagne, ce titre a une saveur toute particuli\u00e8re: \u00ab\u00a0ZZ\u00a0\u00bb a encore dit jeudi soir que la Liga est la comp\u00e9tition \u00ab\u00a0la plus difficile \u00e0 gagner\u00a0\u00bb, plus encore que la Ligue des champions. Celle qui demande le plus de constance dans l\u2019effort, celle qui transige le moins avec l\u2019approximatif.<\/p>\n<p>\u00ab\u00a0Il y a un chanteur qui disait que le bonheur ne fait pas de bruit (\u00ab\u00a0On reconna\u00eet le bonheur au bruit qu\u2019il fait quand il s\u2019en va\u00a0\u00bb, de Jacques Pr\u00e9vert, ndlr), mais \u00e0 l\u2019int\u00e9rieur, je peux vous dire, vraiment, je suis la personne la plus heureuse ce soir\u00a0\u00bb, s\u2019est \u00e9mu le technicien marseillais en conf\u00e9rence de presse d\u2019apr\u00e8s-match, jeudi soir.<\/p>\n<p>Apr\u00e8s un parcours irr\u00e9gulier mais impressionnant de solidit\u00e9 depuis la reprise de la comp\u00e9tition le 11 juin avec dix victoires en dix matches, la d\u00e9livrance est arriv\u00e9e \u00e0 22h58 ce jeudi soir, sur le terrain \u00e0 huis clos du modeste stade Alfredo Di St\u00e9fano, au centre d\u2019entra\u00eenement de Valdebebas.<\/p>\n<p>Avec un premier but de l\u2019in\u00e9vitable Karim Benzema (29e), qui a suivi une r\u00e9cup\u00e9ration de Casemiro et une passe d\u00e9cisive de Luka Modric, puis un p\u00e9nalty de l\u2019avant-centre fran\u00e7ais (76e) pour son 21e but en Liga cette saison, on a cru par moments voir le Real Madrid de 2017, qui avait r\u00e9ussi un magnifique doubl\u00e9 Liga \u2013 Ligue des champions\u2026 avant la r\u00e9duction du score de la t\u00eate de Vicente Iborra (84e).<\/p>\n<p>Joueur l\u00e9gendaire de la \u00ab\u00a0Maison blanche\u00a0\u00bb, Zidane est en train de prolonger son mythe en tant qu\u2019entra\u00eeneur du \u00ab\u00a0meilleur club du XXe si\u00e8cle\u00a0\u00bb, selon un troph\u00e9e d\u00e9cern\u00e9 par la Fifa\u2026 mais n\u2019est \u00ab\u00a0pas du tout\u00a0\u00bb au niveau du joueur qu\u2019il a \u00e9t\u00e9, selon ses dires apr\u00e8s le match, jeudi.<\/p>\n<p>Quand le Real \u00e9tait \u00e0 la tra\u00eene en d\u00e9but de saison, son retour sur le banc merengue a \u00e9t\u00e9 remis en question par la presse espagnole et les supporters. Apr\u00e8s le terrible 7-3 essuy\u00e9 contre l\u2019Atl\u00e9tico lors d\u2019un match amical de pr\u00e9saison, le Real n\u2019a remport\u00e9 que cinq de ses neuf premiers matches de Liga. Mais apr\u00e8s une d\u00e9faite 1-0 \u00e0 Majorque le 19 octobre, les Madril\u00e8nes ont lanc\u00e9 la machine, encha\u00eenant 21 matches sans perdre.<\/p>\n<p>Avec ses cadres habituels (Karim Benzema, Sergio Ramos, Luka Modric, Toni Kroos) et des greffes r\u00e9ussies de nouveaux joueurs (Eden Hazard, Thibaut Courtois, Fede Valverde, Ferland Mendy, Rodrygo\u2026), Zidane, meneur d\u2019hommes hors-pair, a fait taire les critiques qui pointaient son manque de sens tactique.<\/p>\n<p>Un entra\u00eeneur d\u2019\u00e9lite, qui r\u00e9colte troph\u00e9e sur troph\u00e9e. Une d\u00e9fense intraitable, la meilleure des cinq grands championnats europ\u00e9ens. Un Karim Benzema qui a parfaitement suppl\u00e9\u00e9 Cristiano Ronaldo (parti \u00e0 la Juventus Turin en 2018) sur le front de l\u2019attaque merengue, et qui talonne Lionel Messi au classement des meilleurs buteurs de Liga (23 buts pour Messi, 20 pour Benzema), au point d\u2019\u00eatre d\u00e9j\u00e0 cit\u00e9 parmi les candidats du Ballon d\u2019Or 2020\u2026<\/p>\n<p>L\u2019Europe est pr\u00e9venue: Zidane a reb\u00e2ti le Real. Et la Ligue des champions, remport\u00e9e trois fois en trois ans (2016-2018), l\u2019entra\u00eeneur fran\u00e7ais la conna\u00eet\u2026<\/p>\n<p>Auteur: M&rsquo;hammed rahal<br \/>\n<a href=\"http:\/\/albayane.press.ma\/liga-le-real-madrid-champion-despagne.html\">Cliquez ici pour lire l&rsquo;article depuis sa source.<\/a><\/p>\n","protected":false},"excerpt":{"rendered":"<p>Zin\u00e9dine Zidane a ramen\u00e9 le Real Madrid au sommet de la Liga avec un 34e titre de champion d\u2019Espagne, le premier depuis celui conquis en 2017 par l\u2019entra\u00eeneur fran\u00e7ais, qui brise de nouveau l\u2019h\u00e9g\u00e9monie du FC Barcelone. Apr\u00e8s deux ans de r\u00e8gne de l\u2019ennemi jur\u00e9 barcelonais, le Real a reconquis la couronne d\u2019Espagne en battant [&hellip;]<\/p>\n","protected":false},"author":1760,"featured_media":92631,"comment_status":"closed","ping_status":"closed","sticky":false,"template":"","format":"standard","meta":{"fifu_image_url":"","fifu_image_alt":"","footnotes":""},"categories":[73,54],"tags":[],"class_list":["post-92630","post","type-post","status-publish","format-standard","has-post-thumbnail","hentry","category-actualite","category-maroc"],"_links":{"self":[{"href":"https:\/\/linitiative.ca\/International\/wp-json\/wp\/v2\/posts\/92630","targetHints":{"allow":["GET"]}}],"collection":[{"href":"https:\/\/linitiative.ca\/International\/wp-json\/wp\/v2\/posts"}],"about":[{"href":"https:\/\/linitiative.ca\/International\/wp-json\/wp\/v2\/types\/post"}],"author":[{"embeddable":true,"href":"https:\/\/linitiative.ca\/International\/wp-json\/wp\/v2\/users\/1760"}],"replies":[{"embeddable":true,"href":"https:\/\/linitiative.ca\/International\/wp-json\/wp\/v2\/comments?post=92630"}],"version-history":[{"count":0,"href":"https:\/\/linitiative.ca\/International\/wp-json\/wp\/v2\/posts\/92630\/revisions"}],"wp:featuredmedia":[{"embeddable":true,"href":"https:\/\/linitiative.ca\/International\/wp-json\/"}],"wp:attachment":[{"href":"https:\/\/linitiative.ca\/International\/wp-json\/wp\/v2\/media?parent=92630"}],"wp:term":[{"taxonomy":"category","embeddable":true,"href":"https:\/\/linitiative.ca\/International\/wp-json\/wp\/v2\/categories?post=92630"},{"taxonomy":"post_tag","embeddable":true,"href":"https:\/\/linitiative.ca\/International\/wp-json\/wp\/v2\/tags?post=92630"}],"curies":[{"name":"wp","href":"https:\/\/api.w.org\/{rel}","templated":true}]}}