{"id":92632,"date":"2020-07-17T09:17:37","date_gmt":"2020-07-17T13:17:37","guid":{"rendered":"https:\/\/linitiative.ca\/International\/%ef%bb%bfcovid-19-ait-taleb-insiste-sur-lobligation-du-port-de-masque\/"},"modified":"2020-07-17T09:17:37","modified_gmt":"2020-07-17T13:17:37","slug":"%ef%bb%bfcovid-19-ait-taleb-insiste-sur-lobligation-du-port-de-masque","status":"publish","type":"post","link":"https:\/\/linitiative.ca\/International\/%ef%bb%bfcovid-19-ait-taleb-insiste-sur-lobligation-du-port-de-masque\/","title":{"rendered":"\ufeffCovid-19: Ait Taleb insiste sur l\u2019obligation du port de masque"},"content":{"rendered":"<p class=\"has-text-color has-vivid-red-color c2\"><strong>Pour freiner la propagation du virus<\/strong><\/p>\n<p class=\"has-text-color c3\"><strong>Le ministre de la Sant\u00e9 Khalid Ait Taleb a insist\u00e9, jeudi \u00e0 Rabat, sur l\u2019obligation du port de masque et de se conformer aux mesures barri\u00e8res en vue d\u2019enrayer la propagation de la pand\u00e9mie de coronavirus (Covid-19).<\/strong><\/p>\n<p>La situation \u00e9pid\u00e9miologique a \u00e9t\u00e9 marqu\u00e9e ces derniers jours par \u00abl\u2019apparition de cas graves et un nombre de d\u00e9c\u00e8s en hausse\u00bb, a affirm\u00e9 le ministre dans une d\u00e9claration \u00e0 la presse, appelant les citoyens \u00e0 respecter les mesures pr\u00e9ventives dont notamment les masques de protection.<\/p>\n<p>L\u2019\u00e9pid\u00e9mie connait une acc\u00e9l\u00e9ration \u00e0 l\u2019\u00e9chelle plan\u00e9taire, laquelle \u00e9volution \u00abqui suit un cheminement logique en fonction des changements climatiques\u00bb, interpelle, selon lui, sur la n\u00e9cessit\u00e9 de respecter les mesures barri\u00e8res afin de prot\u00e9ger la sant\u00e9 de tout un chacun, y compris les plus vuln\u00e9rables et ceux qui souffrent de maladies sous-jacentes. \u00abLa situation reste impr\u00e9visible mais nous ne m\u00e9nageons aucun effort pour endiguer cette infection virale avec tous le moyens dont nous disposons\u00bb, a-t-il assur\u00e9.<\/p>\n<p>Tout en invitant les citoyens \u00e0 \u00e9viter tout rel\u00e2chement dans le respect des mesures pr\u00e9ventives pendant cette p\u00e9riode estivale, M. Ait Taleb a indiqu\u00e9 que \u00abla situation est h\u00e9t\u00e9rog\u00e8ne \u00e0 l\u2019\u00e9chelle nationale, dans la mesure o\u00f9 certaines zones ont connu une fluctuation en un temps tr\u00e8s court\u00bb.<\/p>\n<p>Lundi, le minist\u00e8re avait exhort\u00e9 les citoyens \u00e0 se conformer aux mesures de pr\u00e9vention d\u00e9cid\u00e9es pour lutter contre le coronavirus, face \u00e0 l\u2019augmentation du nombre de d\u00e9c\u00e8s et de cas critiques enregistr\u00e9s ces derniers jours.<\/p>\n<p>D\u2019apr\u00e8s le d\u00e9partement, le nombre croissant des d\u00e9c\u00e8s et des cas critiques d\u2019infection \u00e0 la Covid-19, durant la deuxi\u00e8me phase de la lev\u00e9e progressive des mesures de confinement, est d\u00fb au non respect des mesures pr\u00e9ventives en termes de port obligatoire de masque, de respect de la distanciation physique, de lavage r\u00e9gulier des mains et d\u2019utilisation de l\u2019application \u00abwiqaytna\u00bb.<\/p>\n<p class=\"c4\">(MAP)<\/p>\n<p>Auteur: M&rsquo;hammed rahal<br \/>\n<a href=\"http:\/\/albayane.press.ma\/%EF%BB%BFcovid-19-ait-taleb-insiste-sur-lobligation-du-port-de-masque.html\">Cliquez ici pour lire l&rsquo;article depuis sa source.<\/a><\/p>\n","protected":false},"excerpt":{"rendered":"<p>Pour freiner la propagation du virus Le ministre de la Sant\u00e9 Khalid Ait Taleb a insist\u00e9, jeudi \u00e0 Rabat, sur l\u2019obligation du port de masque et de se conformer aux mesures barri\u00e8res en vue d\u2019enrayer la propagation de la pand\u00e9mie de coronavirus (Covid-19). La situation \u00e9pid\u00e9miologique a \u00e9t\u00e9 marqu\u00e9e ces derniers jours par \u00abl\u2019apparition de [&hellip;]<\/p>\n","protected":false},"author":1760,"featured_media":0,"comment_status":"closed","ping_status":"closed","sticky":false,"template":"","format":"standard","meta":{"fifu_image_url":"","fifu_image_alt":"","footnotes":""},"categories":[73,54],"tags":[],"class_list":["post-92632","post","type-post","status-publish","format-standard","hentry","category-actualite","category-maroc"],"_links":{"self":[{"href":"https:\/\/linitiative.ca\/International\/wp-json\/wp\/v2\/posts\/92632","targetHints":{"allow":["GET"]}}],"collection":[{"href":"https:\/\/linitiative.ca\/International\/wp-json\/wp\/v2\/posts"}],"about":[{"href":"https:\/\/linitiative.ca\/International\/wp-json\/wp\/v2\/types\/post"}],"author":[{"embeddable":true,"href":"https:\/\/linitiative.ca\/International\/wp-json\/wp\/v2\/users\/1760"}],"replies":[{"embeddable":true,"href":"https:\/\/linitiative.ca\/International\/wp-json\/wp\/v2\/comments?post=92632"}],"version-history":[{"count":0,"href":"https:\/\/linitiative.ca\/International\/wp-json\/wp\/v2\/posts\/92632\/revisions"}],"wp:attachment":[{"href":"https:\/\/linitiative.ca\/International\/wp-json\/wp\/v2\/media?parent=92632"}],"wp:term":[{"taxonomy":"category","embeddable":true,"href":"https:\/\/linitiative.ca\/International\/wp-json\/wp\/v2\/categories?post=92632"},{"taxonomy":"post_tag","embeddable":true,"href":"https:\/\/linitiative.ca\/International\/wp-json\/wp\/v2\/tags?post=92632"}],"curies":[{"name":"wp","href":"https:\/\/api.w.org\/{rel}","templated":true}]}}