{"id":92633,"date":"2020-07-17T09:30:30","date_gmt":"2020-07-17T13:30:30","guid":{"rendered":"https:\/\/linitiative.ca\/International\/port-obligatoire-du-masque-expliquer-et-convaincre\/"},"modified":"2020-07-17T09:30:30","modified_gmt":"2020-07-17T13:30:30","slug":"port-obligatoire-du-masque-expliquer-et-convaincre","status":"publish","type":"post","link":"https:\/\/linitiative.ca\/International\/port-obligatoire-du-masque-expliquer-et-convaincre\/","title":{"rendered":"Port obligatoire du masque: Expliquer et convaincre"},"content":{"rendered":"<p class=\"has-text-color c2\"><strong>Le ministre de la Sant\u00e9, \u00e0 l\u2019instar du chef de gouvernement, vient d\u2019appeler, de nouveau, \u00e0 \u00abl\u2019obligation du port de masque pour freiner la propagation du virus\u00bb. Mais ces sorties m\u00e9diatiques, \u00e0 force d\u2019avoir d\u00e9fendu le contraire, s\u00e8ment encore le doute dans les esprits.<\/strong><\/p>\n<p>Cette attitude est per\u00e7ue comme une marche en arri\u00e8re, pour ne pas dire un cafouillage gouvernemental, qui a port\u00e9 un sacr\u00e9 coup \u00e0 l\u2019image du gouvernement, d\u00e9j\u00e0 ternie par le manque de mesures sociales envers les populations les plus touch\u00e9es par la pand\u00e9mie.<\/p>\n<p>Car si l\u2019on exclut l\u2019obligation de se conformer aux gestes mesures barri\u00e8res, o\u00f9 la visibilit\u00e9 \u00e9tait meilleure, le port du masque avait fait l\u2019objet de controverses incompr\u00e9hensibles.<\/p>\n<p>Ce changement d\u2019attitudes, d\u2019ailleurs pas seulement chez nous, est dict\u00e9 par \u00abl\u2019apparition de cas graves et un nombre de d\u00e9c\u00e8s en hausse\u00bb, selon le ministre.<\/p>\n<p>Il est vrai aussi que le virus circule plus encore, au niveau plan\u00e9taire, et fait, chez nous de plus en plus d\u2019infections graves et de d\u00e9c\u00e8s.<\/p>\n<p><strong>Le prix du cafouillage scientifique<\/strong><\/p>\n<p>Mais, cinq mois apr\u00e8s l\u2019apparition du premier cas de coronavirus au Maroc, l\u2019on d\u00e9couvre, r\u00e9ellement, l\u2019importance des d\u00e9cisions prises auparavant, pr\u00e9sentant le port du masque de protection comme inutile pour les non-malades, et pr\u00e9conis\u00e9, exclusivement pour les malades et le corps m\u00e9dical.<\/p>\n<p>Il faudra avouer que le Maroc n\u2019est pas seul dans le cafouillage scientifique, avec ce genre de r\u00e9trop\u00e9dalage\u2026<\/p>\n<p>Et si la communaut\u00e9 scientifique, OMS en t\u00eate, \u00e9tait largement divis\u00e9e, au niveau mondial, sur la question, il faudra souligner la l\u00e9g\u00e8ret\u00e9 qui a marqu\u00e9 les avis sur l\u2019utilit\u00e9 du port du masque.<\/p>\n<p>Il est vraiment d\u00e9solant de voir des sommit\u00e9s scientifiques dire une chose puis son contraire, alors que le principe de protection contre les microbes (dont le virus fait partie) est fortement acquis depuis la nuit des temps et le fameux bacille de Koch provoquant la tuberculose, qui faisait de grands ravages.<\/p>\n<p>Mais ce qui surprend c\u2019est l\u2019implication de politiques de premier plan, de pr\u00e9sidents d\u2019Etat, de chefs de gouvernement, de ministres, de responsables sanitaires de haut niveau, \u00e0 c\u00f4t\u00e9 d\u2019experts m\u00e9dicaux dont on ne sait plus pour quelle raison. Cela avait hautement choqu\u00e9 le citoyen lambda. Et, aujourd\u2019hui, il a besoin d\u2019explications convaincantes, autrement il prendrait la nouvelle mesure comme une d\u00e9cision politique et non sanitaire.<\/p>\n<p>Et presque toute la tribu a cru en eux et m\u00eame d\u00e9fendu, avec conviction, le non port du masque de protection.<\/p>\n<p>D\u2019aucuns, en mal de moyens \u00e0 temps, p\u00e9nurie de masques oblige, avaient soutenu que le port du masque n\u2019est utile que pour les malades et les m\u00e9decins traitants.<\/p>\n<p>Chez nous la mise en branle de la machine de production des masques (ah nous sommes devenus une puissance industrielle exportatrice\u00a0!) avait fait douter les Marocaines et les Marocains, apr\u00e8s la fameuse d\u00e9claration initiale du chef de gouvernement, r\u00e9duisant le port du masque aux seuls malades (qui se comptaient par quelques centaines) et aux chirurgiens\u2026<\/p>\n<p>Pourquoi, d\u00e8s lors que le gouvernement avait cette certitude, s\u2019est-il lanc\u00e9 dans la fabrication des masques dont on ne connait pas encore les dividendes pour le Tr\u00e9sor public\u00a0?<\/p>\n<p><strong>La parole aux scientifiques<\/strong><\/p>\n<p>Et, trois mois durant, lors du p\u00e9nible confinement, ce qui n\u2019\u00e9tait pas obligatoire le devient sans aucun effort d\u2019explication p\u00e9dagogique ni didactique.<\/p>\n<p>Imaginez que vous dites aux citoyens que ce n\u2019est pas la peine de mettre un masque de protection car le coronavirus ne circule pas dans l\u2019air et que le malade doit le porter pour prot\u00e9ger les autres, au m\u00eame titre que les intervenants m\u00e9dicaux. Et puis, plus tard, dire l\u2019inverse en appelant au port du masque en raison de la circulation du virus.<\/p>\n<p>M\u00eames les virologues et les experts en microbiologie ne savent pas encore le mode de transmission du virus. L\u2019on nous avait \u00abconvaincus\u00bb que le virus ravageur ne vit pas dans l\u2019air et qu\u2019il descend par terre et somm\u00e9 de laver le bas de nos souliers \u00e0 l\u2019eau de javel qui contient du chlore qui tue le corona. Soit. On nous a convaincus\u00a0\u00a0\u00a0 que la distanciation sociale et les gestes barri\u00e8res sont suffisants pour vaincre le mal. D\u2019ailleurs la p\u00e9riode de confinement \u00e9tait int\u00e9gralement marqu\u00e9e par le respect de ces r\u00e8gles.<\/p>\n<p>Il est vrai que, chez nous, les ravages sanitaires, contrairement \u00e0 ceux socio-\u00e9conomiques, \u00e9taient minimes. Mais une attitude sereine, en mati\u00e8re de d\u00e9cisions, manquait cruellement au point que le citoyen ne savait plus ce qui \u00e9tait vrai dans toutes ces d\u00e9clarations contradictoires.<\/p>\n<p>Avouons que, m\u00eame au niveau mondial, la connaissance et le savoir scientifique ne sont pas au top, valeur d\u2019aujourd\u2019hui, trop d\u2019inconnues persistent sur le virus\u2026<\/p>\n<p>Mais le citoyen a pour obligation de se prot\u00e9ger contre le mal du si\u00e8cle.<\/p>\n<p>Il ne doit pas faire preuve de rel\u00e2chement et continuer \u00e0 respecter les gestes barri\u00e8res et le port du masque. Des pratiques \u00e0 ins\u00e9rer dans notre vie d\u2019aujourd\u2019hui et, peut-\u00eatre, celle de demain.<\/p>\n<p>Mais expliquons sans faux-fuyants, donnons la parole aux scientifiques qui savent\u2026<\/p>\n<p class=\"c3\"><strong>Mohamed Khalil<\/strong><\/p>\n<p>Auteur: M&rsquo;hammed rahal<br \/>\n<a href=\"http:\/\/albayane.press.ma\/port-obligatoire-du-masque-expliquer-et-convaincre.html\">Cliquez ici pour lire l&rsquo;article depuis sa source.<\/a><\/p>\n","protected":false},"excerpt":{"rendered":"<p>Le ministre de la Sant\u00e9, \u00e0 l\u2019instar du chef de gouvernement, vient d\u2019appeler, de nouveau, \u00e0 \u00abl\u2019obligation du port de masque pour freiner la propagation du virus\u00bb. Mais ces sorties m\u00e9diatiques, \u00e0 force d\u2019avoir d\u00e9fendu le contraire, s\u00e8ment encore le doute dans les esprits. Cette attitude est per\u00e7ue comme une marche en arri\u00e8re, pour ne [&hellip;]<\/p>\n","protected":false},"author":1760,"featured_media":0,"comment_status":"closed","ping_status":"closed","sticky":false,"template":"","format":"standard","meta":{"fifu_image_url":"","fifu_image_alt":"","footnotes":""},"categories":[73,54],"tags":[],"class_list":["post-92633","post","type-post","status-publish","format-standard","hentry","category-actualite","category-maroc"],"_links":{"self":[{"href":"https:\/\/linitiative.ca\/International\/wp-json\/wp\/v2\/posts\/92633","targetHints":{"allow":["GET"]}}],"collection":[{"href":"https:\/\/linitiative.ca\/International\/wp-json\/wp\/v2\/posts"}],"about":[{"href":"https:\/\/linitiative.ca\/International\/wp-json\/wp\/v2\/types\/post"}],"author":[{"embeddable":true,"href":"https:\/\/linitiative.ca\/International\/wp-json\/wp\/v2\/users\/1760"}],"replies":[{"embeddable":true,"href":"https:\/\/linitiative.ca\/International\/wp-json\/wp\/v2\/comments?post=92633"}],"version-history":[{"count":0,"href":"https:\/\/linitiative.ca\/International\/wp-json\/wp\/v2\/posts\/92633\/revisions"}],"wp:attachment":[{"href":"https:\/\/linitiative.ca\/International\/wp-json\/wp\/v2\/media?parent=92633"}],"wp:term":[{"taxonomy":"category","embeddable":true,"href":"https:\/\/linitiative.ca\/International\/wp-json\/wp\/v2\/categories?post=92633"},{"taxonomy":"post_tag","embeddable":true,"href":"https:\/\/linitiative.ca\/International\/wp-json\/wp\/v2\/tags?post=92633"}],"curies":[{"name":"wp","href":"https:\/\/api.w.org\/{rel}","templated":true}]}}