{"id":92634,"date":"2020-07-17T09:32:50","date_gmt":"2020-07-17T13:32:50","guid":{"rendered":"https:\/\/linitiative.ca\/International\/%ef%bb%bfla-politique-de-lautruche-du-gouvernement\/"},"modified":"2020-07-17T09:32:50","modified_gmt":"2020-07-17T13:32:50","slug":"%ef%bb%bfla-politique-de-lautruche-du-gouvernement","status":"publish","type":"post","link":"https:\/\/linitiative.ca\/International\/%ef%bb%bfla-politique-de-lautruche-du-gouvernement\/","title":{"rendered":"\ufeffLa politique de l\u2019autruche du gouvernement"},"content":{"rendered":"<p class=\"has-text-color has-vivid-red-color c2\"><strong>Ecoles priv\u00e9es VS parents<\/strong><\/p>\n<p class=\"has-text-color c3\"><strong>Il semblerait que le gouvernement opte pour la politique de l\u2019autruche \u00e0 propos des d\u00e9saccords entre plusieurs \u00e9tablissements de l\u2019enseignement priv\u00e9 et les parents et tuteurs d\u2019\u00e9l\u00e8ves.<\/strong><\/p>\n<p>Alors que la justice a r\u00e9tabli dans leurs droits certains parents, qui ont saisi le juge des r\u00e9f\u00e9r\u00e9s, l\u2019Ex\u00e9cutif continue de fermer les yeux sur cette situation qui mine le secteur et qui hypoth\u00e8que la prochaine rentr\u00e9e scolaire. En effet, la circulaire encadrant le transfert d\u2019un \u00e9l\u00e8ve du priv\u00e9 vers le public demeure toujours la m\u00eame et avec les m\u00eames conditions.<\/p>\n<p>Les parents d\u00e9sirant transf\u00e9rer l\u2019inscription de leurs enfants du priv\u00e9 vers le public devraient le faire avant le 22 juillet, alors qu\u2019il s\u2019agit d\u2019un contexte exceptionnel qui exige des mesures exceptionnelles. Ce qui ne manquerait pas de provoquer de nouvelles tensions dans le secteur et de perturber la prochaine rentr\u00e9e scolaire.<\/p>\n<p>Car, les parents, qui n\u2019arriveraient pas \u00e0 boucler ce sinueux circuit administratif avant le 22 juillet, seraient dans l\u2019obligation de saisir la justice des r\u00e9f\u00e9r\u00e9s pour obtenir gain de cause et inscrire leurs enfants dans le public, comme le garantissent d\u2019ailleurs les dispositions constitutionnelles. Ce probl\u00e8me de transfert minerait encore plus les relations qui sont d\u00e9j\u00e0 au bras de fer entre les parents d\u2019\u00e9l\u00e8ves et les \u00e9coles priv\u00e9es \u00e0 propos des frais de scolarit\u00e9 du dernier trimestre de l\u2019actuelle ann\u00e9e scolaire. Cette affaire, qui pr\u00e9occupe l\u2019opinion publique nationale depuis plusieurs semaines, semble \u00eatre ignor\u00e9e par le chef du gouvernement.<\/p>\n<p>Ce dernier n\u2019a pas pip\u00e9 mot au sujet de ce bras de fer au conseil du gouvernement et lors de ses diff\u00e9rentes interventions publiques. Ce mutisme pourrait \u00eatre interpr\u00e9t\u00e9 par les lobbys du secteur de l\u2019enseignement priv\u00e9 comme un feu vert pour enfoncer le clou et s\u2019ent\u00eater envers et contre tous. C\u2019est ce que laissent d\u2019ailleurs entendre leur menace et leur chantage. Au d\u00e9but de la rentr\u00e9e scolaire 2019-2020, pas moins de 52.000 \u00e9l\u00e8ves inscrits dans d\u2019enseignement priv\u00e9 ont fait leurs inscriptions dans des \u00e9tablissements publics.<\/p>\n<p>C\u2019est dire que le nombre serait important lors de cette prochaine rentr\u00e9e scolaire. Le ministre de tutelle, qui avait annonc\u00e9 ces statistiques, avait assur\u00e9 que son d\u00e9partement est en train d\u2019\u00e9laborer une \u00e9tude de terrain pour expliquer les raisons qui ont pouss\u00e9 des familles \u00e0 transf\u00e9rer leurs enfants du priv\u00e9 au public. Jusqu\u2019\u00e0 pr\u00e9sent, l\u2019\u00e9tude du ministre n\u2019a pas \u00e9t\u00e9 rendue publique.<\/p>\n<p>Mais, les raisons, qui sont \u00e0 l\u2019origine de cette migration, sont devenues le secret de Polichinelle. Tout le monde en parle. Tout le monde s\u2019indigne. Mais le ministre de l\u2019entend pas de cette oreille.<\/p>\n<p class=\"c4\"><strong>Belkassem Amenzou<\/strong><\/p>\n<p>Auteur: M&rsquo;hammed rahal<br \/>\n<a href=\"http:\/\/albayane.press.ma\/%EF%BB%BFla-politique-de-lautruche-du-gouvernement.html\">Cliquez ici pour lire l&rsquo;article depuis sa source.<\/a><\/p>\n","protected":false},"excerpt":{"rendered":"<p>Ecoles priv\u00e9es VS parents Il semblerait que le gouvernement opte pour la politique de l\u2019autruche \u00e0 propos des d\u00e9saccords entre plusieurs \u00e9tablissements de l\u2019enseignement priv\u00e9 et les parents et tuteurs d\u2019\u00e9l\u00e8ves. Alors que la justice a r\u00e9tabli dans leurs droits certains parents, qui ont saisi le juge des r\u00e9f\u00e9r\u00e9s, l\u2019Ex\u00e9cutif continue de fermer les yeux [&hellip;]<\/p>\n","protected":false},"author":1760,"featured_media":0,"comment_status":"closed","ping_status":"closed","sticky":false,"template":"","format":"standard","meta":{"fifu_image_url":"","fifu_image_alt":"","footnotes":""},"categories":[73,54],"tags":[],"class_list":["post-92634","post","type-post","status-publish","format-standard","hentry","category-actualite","category-maroc"],"_links":{"self":[{"href":"https:\/\/linitiative.ca\/International\/wp-json\/wp\/v2\/posts\/92634","targetHints":{"allow":["GET"]}}],"collection":[{"href":"https:\/\/linitiative.ca\/International\/wp-json\/wp\/v2\/posts"}],"about":[{"href":"https:\/\/linitiative.ca\/International\/wp-json\/wp\/v2\/types\/post"}],"author":[{"embeddable":true,"href":"https:\/\/linitiative.ca\/International\/wp-json\/wp\/v2\/users\/1760"}],"replies":[{"embeddable":true,"href":"https:\/\/linitiative.ca\/International\/wp-json\/wp\/v2\/comments?post=92634"}],"version-history":[{"count":0,"href":"https:\/\/linitiative.ca\/International\/wp-json\/wp\/v2\/posts\/92634\/revisions"}],"wp:attachment":[{"href":"https:\/\/linitiative.ca\/International\/wp-json\/wp\/v2\/media?parent=92634"}],"wp:term":[{"taxonomy":"category","embeddable":true,"href":"https:\/\/linitiative.ca\/International\/wp-json\/wp\/v2\/categories?post=92634"},{"taxonomy":"post_tag","embeddable":true,"href":"https:\/\/linitiative.ca\/International\/wp-json\/wp\/v2\/tags?post=92634"}],"curies":[{"name":"wp","href":"https:\/\/api.w.org\/{rel}","templated":true}]}}