{"id":92636,"date":"2020-07-17T08:29:16","date_gmt":"2020-07-17T12:29:16","guid":{"rendered":"https:\/\/linitiative.ca\/International\/retrait-de-confiance-au-chef-du-gouvernement-reunion-boudee-par-le-bloc-democratique-et-la-reforme-nationale\/"},"modified":"2020-07-17T08:29:16","modified_gmt":"2020-07-17T12:29:16","slug":"retrait-de-confiance-au-chef-du-gouvernement-reunion-boudee-par-le-bloc-democratique-et-la-reforme-nationale","status":"publish","type":"post","link":"https:\/\/linitiative.ca\/International\/retrait-de-confiance-au-chef-du-gouvernement-reunion-boudee-par-le-bloc-democratique-et-la-reforme-nationale\/","title":{"rendered":"Retrait de confiance au chef du gouvernement : R\u00e9union boud\u00e9e par le Bloc d\u00e9mocratique et la R\u00e9forme nationale"},"content":{"rendered":"<p>Les repr\u00e9sentants des blocs \u00ab d\u00e9mocratique \u00bb et de la \u00ab r\u00e9forme nationale \u00bb se sont retir\u00e9s de la r\u00e9union du bureau de l\u2019Assembl\u00e9e des Repr\u00e9sentants du Peuple tenue jeudi apr\u00e8s-midi, en signe de protestation contre l\u2019obstination des repr\u00e9sentants d&rsquo; \u00bbEnnahdha \u00bb et \u00ab Qalb Toun\u00e8s \u00bb \u00e0 voter la proposition d\u2019organiser une pl\u00e9ni\u00e8re pour retirer la confiance au gouvernement Fakhfakh.<\/p>\n<p>Le pr\u00e9sident du bloc \u00ab Qalb Toun\u00e8s \u00bb et membre du bureau du parlement, Oussama Kh\u00e9lifi, a fait savoir que la r\u00e9union du bureau de l\u2019ARP a \u00e9t\u00e9 lev\u00e9e, apr\u00e8s l\u2019entame d\u2019un d\u00e9bat au sujet de la pr\u00e9sentation de la motion de d\u00e9fiance contre Ely\u00e8s Fakhfakh en pl\u00e9ni\u00e8re pour vote, \u00ab sans prendre aucune d\u00e9cision concr\u00e8te dans ce sens \u00bb.<\/p>\n<p>Les repr\u00e9sentants du bloc d\u00e9mocratique, Nabil Hajji et Zouheir Maghzaoui, se sont accord\u00e9s \u00e0 consid\u00e9rer la proposition du vote pour pr\u00e9senter ladite motion en pl\u00e9ni\u00e8re comme \u00e9tant ill\u00e9gale et injustifi\u00e9e surtout que le chef du gouvernement avait d\u00e9missionn\u00e9 de son poste.<\/p>\n<p>Pour sa part, la repr\u00e9sentante du bloc de la \u00ab r\u00e9forme nationale \u00bb, Nesrine La\u00e2mari, a justifi\u00e9 son retrait de la r\u00e9union du bureau du parlement par le fait que les repr\u00e9sentants d\u2019Ennahdha continuaient \u00e0 transgresser la loi.<\/p>\n<p>\u00ab Ces violations et les tentatives de passage en force au sein du bureau du parlement, constituent l\u2019une des causes principales qui a encourag\u00e9 73 \u00e9lus \u00e0 signer la motion de retrait de confiance au pr\u00e9sident de l\u2019ARP \u00bb, a-t-elle d\u00e9clar\u00e9.<\/p>\n<p>La r\u00e9union du bureau du parlement a abord\u00e9 la question des deux motions d\u00e9pos\u00e9es mercredi et jeudi aupr\u00e8s du bureau du parlement concernant le retrait de confiance au chef du gouvernement d\u00e9missionnaire Ely\u00e8s Fakhfakh et au pr\u00e9sident de l\u2019ARP, Rached Ghannouchi.<\/p>\n<div class=\"wp-post-author-wrap wp-post-author-shortcode left\">\n<h3 class=\"awpa-title\"\/>\n<div class=\"wp-post-author\">\n<div class=\"awpa-img awpa-author-block square\"><a href=\"http:\/\/lexpertjournal.net\/fr\/?author=5\"><img loading=\"lazy\" decoding=\"async\" alt=\"\" src=\"http:\/\/0.gravatar.com\/avatar\/97f8e10a1c1125ba104a76514ee07b16?s=150&amp;d=mm&amp;r=g\" srcset=\"http:\/\/0.gravatar.com\/avatar\/97f8e10a1c1125ba104a76514ee07b16?s=300&amp;d=mm&amp;r=g 2x\" class=\"avatar avatar-150 photo\" height=\"150\" width=\"150\"\/><\/a><\/div>\n<\/div>\n<\/div>\n<aside class=\"mashsb-container mashsb-main mashsb-stretched\">\n<\/aside>\n<p>Auteur: L&rsquo;expert<br \/>\n<a href=\"http:\/\/lexpertjournal.net\/fr\/?p=15794\">Cliquez ici pour lire l&rsquo;article depuis sa source.<\/a><\/p>\n","protected":false},"excerpt":{"rendered":"<p>Les repr\u00e9sentants des blocs \u00ab d\u00e9mocratique \u00bb et de la \u00ab r\u00e9forme nationale \u00bb se sont retir\u00e9s de la r\u00e9union du bureau de l\u2019Assembl\u00e9e des Repr\u00e9sentants du Peuple tenue jeudi apr\u00e8s-midi, en signe de protestation contre l\u2019obstination des repr\u00e9sentants d&rsquo; \u00bbEnnahdha \u00bb et \u00ab Qalb Toun\u00e8s \u00bb \u00e0 voter la proposition d\u2019organiser une pl\u00e9ni\u00e8re pour [&hellip;]<\/p>\n","protected":false},"author":1775,"featured_media":0,"comment_status":"closed","ping_status":"closed","sticky":false,"template":"","format":"standard","meta":{"fifu_image_url":"","fifu_image_alt":"","footnotes":""},"categories":[78,55],"tags":[],"class_list":["post-92636","post","type-post","status-publish","format-standard","hentry","category-economie","category-tunisie"],"_links":{"self":[{"href":"https:\/\/linitiative.ca\/International\/wp-json\/wp\/v2\/posts\/92636","targetHints":{"allow":["GET"]}}],"collection":[{"href":"https:\/\/linitiative.ca\/International\/wp-json\/wp\/v2\/posts"}],"about":[{"href":"https:\/\/linitiative.ca\/International\/wp-json\/wp\/v2\/types\/post"}],"author":[{"embeddable":true,"href":"https:\/\/linitiative.ca\/International\/wp-json\/wp\/v2\/users\/1775"}],"replies":[{"embeddable":true,"href":"https:\/\/linitiative.ca\/International\/wp-json\/wp\/v2\/comments?post=92636"}],"version-history":[{"count":0,"href":"https:\/\/linitiative.ca\/International\/wp-json\/wp\/v2\/posts\/92636\/revisions"}],"wp:attachment":[{"href":"https:\/\/linitiative.ca\/International\/wp-json\/wp\/v2\/media?parent=92636"}],"wp:term":[{"taxonomy":"category","embeddable":true,"href":"https:\/\/linitiative.ca\/International\/wp-json\/wp\/v2\/categories?post=92636"},{"taxonomy":"post_tag","embeddable":true,"href":"https:\/\/linitiative.ca\/International\/wp-json\/wp\/v2\/tags?post=92636"}],"curies":[{"name":"wp","href":"https:\/\/api.w.org\/{rel}","templated":true}]}}