{"id":92637,"date":"2020-07-17T08:31:17","date_gmt":"2020-07-17T12:31:17","guid":{"rendered":"https:\/\/linitiative.ca\/International\/covid-soutien-aux-entreprises-pas-de-reponse-positive-pour-ams\/"},"modified":"2020-07-17T08:31:17","modified_gmt":"2020-07-17T12:31:17","slug":"covid-soutien-aux-entreprises-pas-de-reponse-positive-pour-ams","status":"publish","type":"post","link":"https:\/\/linitiative.ca\/International\/covid-soutien-aux-entreprises-pas-de-reponse-positive-pour-ams\/","title":{"rendered":"Covid \u2013 Soutien aux entreprises : Pas de r\u00e9ponse positive pour AMS"},"content":{"rendered":"<p>La soci\u00e9t\u00e9 Ateliers M\u00e9caniques du Sahel (AMS) a annonc\u00e9, jeudi, qu\u2019elle n\u2019a toujours pas re\u00e7u de r\u00e9ponse positive pour b\u00e9n\u00e9ficier des mesures de soutien et d\u2019accompagnement d\u00e9cid\u00e9es par le gouvernement tunisien dans le cadre de la limitation des r\u00e9percussions \u00e9conomiques de la crise li\u00e9e au COVID-19, alors qu\u2019elle a besoin de financements afin de mettre en ex\u00e9cution son plan de relance.<\/p>\n<p>La soci\u00e9t\u00e9 a pr\u00e9cis\u00e9, dans un communiqu\u00e9, publi\u00e9 sur le site de la Bourse de Tunis, \u00ab que plusieurs autres soci\u00e9t\u00e9s ont d\u00e9j\u00e0 re\u00e7u l\u2019appui des banques nationales dans ce m\u00eame cadre \u00bb, ajoutant que \u00ab les dirigeants sociaux soucieux de l\u2019absence jusqu\u2019\u00e0 pr\u00e9sent de tout soutien envers la soci\u00e9t\u00e9 \u00bb, cr\u00e9\u00e9e depuis 1962.<\/p>\n<p>D\u2019apr\u00e8s le m\u00eame communiqu\u00e9, l\u2019AMS a rappel\u00e9 qu\u2019il a \u00e9t\u00e9 d\u00e9cid\u00e9, lors d\u2019une r\u00e9union tenue, le 24 juin 2020, \u00e0 Sousse, de d\u00e9cr\u00e9ter une p\u00e9riode de ch\u00f4mage technique de 3 mois (reconductible une fois pour la m\u00eame p\u00e9riode) mais \u00e0 condition \u00e0 ce que le paiement des salaires du mois de mai 2020 se fera au plus tard le 30 juin 2020.<\/p>\n<p>Ont pris part \u00e0 cette r\u00e9union, des cadres syndicaux de la soci\u00e9t\u00e9, des repr\u00e9sentants des autorit\u00e9s locales, des membres de l\u2019UGTT et de l\u2019inspection de travail de Sousse.<\/p>\n<p>Il est \u00e0 noter qu\u2019un nombre d\u2019agents de la soci\u00e9t\u00e9 ont observ\u00e9, jeudi, un sit-in pour d\u00e9noncer le non-respect de la soci\u00e9t\u00e9 de ses engagements et des promesses avanc\u00e9es le 24 juin.<\/p>\n<p>Le secr\u00e9taire g\u00e9n\u00e9ral du syndicat de base de l\u2019AMS, Hamza Ben Abderrazak, a indiqu\u00e9 que la soci\u00e9t\u00e9 n\u2019a pas respect\u00e9 ses engagements, en ce qui concerne le paiement des salaires de mai, au plus tard le 30 juin, et 65% du salaire du mois de juin, \u00e0 la date du 17 juillet. De m\u00eame, pour le salaire du mois de juillet, qui devra \u00eatre vers\u00e9 le 14 aout et celui d\u2019ao\u00fbt, dont le paiement est pr\u00e9vu le 14 septembre 2020.<\/p>\n<p>D\u2019un autre c\u00f4t\u00e9, la Direction G\u00e9n\u00e9rale de la soci\u00e9t\u00e9, a rassur\u00e9 qu\u2019elle tient \u00e0 pr\u00e9server la continuit\u00e9 d\u2019exploitation de la soci\u00e9t\u00e9 et le maintien des emplois. Ainsi, elle a fait savoir qu\u2019elle a pr\u00e9par\u00e9 un plan de reprise de l\u2019activit\u00e9 \u00e0 partir de mi-ao\u00fbt, lequel se base sur le d\u00e9douanement des mati\u00e8res premi\u00e8res, l\u2019achat des mati\u00e8res premi\u00e8res sur le march\u00e9 local, ainsi que la finalisation des commandes vis-\u00e0-vis d\u2019un pays africain pour un montant de 550 mille euros.<\/p>\n<p>\u00ab Toutefois, la mise en \u0153uvre de ce plan est aussi conditionn\u00e9e par un support financier des banques de la place \u00bb, peut-on lire dans le communiqu\u00e9 de l\u2019AMS, notant que la Direction G\u00e9n\u00e9rale a d\u00e9pos\u00e9 une demande de financement aupr\u00e8s de la STB.<\/p>\n<p>Pour rappel, la soci\u00e9t\u00e9 AMS, qui compte environ 450 agents, est sp\u00e9cialis\u00e9e dans la fabrication et la commercialisation de la robinetterie sanitaire ainsi que des articles de m\u00e9nage en acier inoxydable.<\/p>\n<div class=\"wp-post-author-wrap wp-post-author-shortcode left\">\n<h3 class=\"awpa-title\"\/>\n<div class=\"wp-post-author\">\n<div class=\"awpa-img awpa-author-block square\"><a href=\"http:\/\/lexpertjournal.net\/fr\/?author=5\"><img loading=\"lazy\" decoding=\"async\" alt=\"\" src=\"http:\/\/0.gravatar.com\/avatar\/97f8e10a1c1125ba104a76514ee07b16?s=150&amp;d=mm&amp;r=g\" srcset=\"http:\/\/0.gravatar.com\/avatar\/97f8e10a1c1125ba104a76514ee07b16?s=300&amp;d=mm&amp;r=g 2x\" class=\"avatar avatar-150 photo\" height=\"150\" width=\"150\"\/><\/a><\/div>\n<\/div>\n<\/div>\n<aside class=\"mashsb-container mashsb-main mashsb-stretched\">\n<\/aside>\n<p>Auteur: L&rsquo;expert<br \/>\n<a href=\"http:\/\/lexpertjournal.net\/fr\/?p=15798\">Cliquez ici pour lire l&rsquo;article depuis sa source.<\/a><\/p>\n","protected":false},"excerpt":{"rendered":"<p>La soci\u00e9t\u00e9 Ateliers M\u00e9caniques du Sahel (AMS) a annonc\u00e9, jeudi, qu\u2019elle n\u2019a toujours pas re\u00e7u de r\u00e9ponse positive pour b\u00e9n\u00e9ficier des mesures de soutien et d\u2019accompagnement d\u00e9cid\u00e9es par le gouvernement tunisien dans le cadre de la limitation des r\u00e9percussions \u00e9conomiques de la crise li\u00e9e au COVID-19, alors qu\u2019elle a besoin de financements afin de mettre [&hellip;]<\/p>\n","protected":false},"author":1775,"featured_media":0,"comment_status":"closed","ping_status":"closed","sticky":false,"template":"","format":"standard","meta":{"fifu_image_url":"","fifu_image_alt":"","footnotes":""},"categories":[78,55],"tags":[],"class_list":["post-92637","post","type-post","status-publish","format-standard","hentry","category-economie","category-tunisie"],"_links":{"self":[{"href":"https:\/\/linitiative.ca\/International\/wp-json\/wp\/v2\/posts\/92637","targetHints":{"allow":["GET"]}}],"collection":[{"href":"https:\/\/linitiative.ca\/International\/wp-json\/wp\/v2\/posts"}],"about":[{"href":"https:\/\/linitiative.ca\/International\/wp-json\/wp\/v2\/types\/post"}],"author":[{"embeddable":true,"href":"https:\/\/linitiative.ca\/International\/wp-json\/wp\/v2\/users\/1775"}],"replies":[{"embeddable":true,"href":"https:\/\/linitiative.ca\/International\/wp-json\/wp\/v2\/comments?post=92637"}],"version-history":[{"count":0,"href":"https:\/\/linitiative.ca\/International\/wp-json\/wp\/v2\/posts\/92637\/revisions"}],"wp:attachment":[{"href":"https:\/\/linitiative.ca\/International\/wp-json\/wp\/v2\/media?parent=92637"}],"wp:term":[{"taxonomy":"category","embeddable":true,"href":"https:\/\/linitiative.ca\/International\/wp-json\/wp\/v2\/categories?post=92637"},{"taxonomy":"post_tag","embeddable":true,"href":"https:\/\/linitiative.ca\/International\/wp-json\/wp\/v2\/tags?post=92637"}],"curies":[{"name":"wp","href":"https:\/\/api.w.org\/{rel}","templated":true}]}}