{"id":92638,"date":"2020-07-17T08:34:26","date_gmt":"2020-07-17T12:34:26","guid":{"rendered":"https:\/\/linitiative.ca\/International\/performances-economiques-baisse-de-35-du-ca-de-tpr-a-fin-juin-2020\/"},"modified":"2020-07-17T08:34:26","modified_gmt":"2020-07-17T12:34:26","slug":"performances-economiques-baisse-de-35-du-ca-de-tpr-a-fin-juin-2020","status":"publish","type":"post","link":"https:\/\/linitiative.ca\/International\/performances-economiques-baisse-de-35-du-ca-de-tpr-a-fin-juin-2020\/","title":{"rendered":"Performances \u00e9conomiques :  Baisse de 35% du CA de TPR \u00e0 fin juin 2020"},"content":{"rendered":"<p>La Soci\u00e9t\u00e9 Tunisie Profil\u00e9s Aluminium (TPR) a enregistr\u00e9 une baisse de 35% de son chiffre d\u2019affaires global pour s\u2019\u00e9tablir \u00e0 50,87 millions de dinars (MD) au 30 juin 2020 contre 78,66 MD au 30 juin 2019, selon ses indicateurs d\u2019activit\u00e9s trimestriels publi\u00e9s sur le site du CMF.<\/p>\n<p>Le chiffre d\u2019affaires local de la soci\u00e9t\u00e9 r\u00e9alis\u00e9 jusqu\u2019au 30 juin 2020 a diminu\u00e9 de 32% par rapport \u00e0 la m\u00eame p\u00e9riode de 2019, s\u2019\u00e9tablissant \u00e0 35,63 MD contre 52,09 MD.<\/p>\n<p>S\u2019agissant des exportations, suite \u00e0 la fermeture des fronti\u00e8res maritimes et a\u00e9riennes, les ventes \u00e0 l\u2019export ont enregistr\u00e9 un repli de 42% passant de 26,56 MD \u00e0 15,23 MD.<\/p>\n<p>La production en valeur arr\u00eat\u00e9e \u00e0 fin juin 2020 s\u2019est \u00e9lev\u00e9e \u00e0 54,17 MD contre 80,12 MD \u00e0 fin juin 2019 soit une baisse de 32%. Les investissements corporels et incorporels ont \u00e9t\u00e9 de l\u2019ordre de 510 207 D (contre 592 164 D en 2019).<\/p>\n<p>L\u2019endettement total a augment\u00e9 de 7% passant \u00e0 56,44 MD contre 52,82 MD. La valeur des placements a atteint 32,7 MD \u00e0 fin juin 2020.<\/p>\n<div class=\"wp-post-author-wrap wp-post-author-shortcode left\">\n<h3 class=\"awpa-title\"\/>\n<div class=\"wp-post-author\">\n<div class=\"awpa-img awpa-author-block square\"><a href=\"http:\/\/lexpertjournal.net\/fr\/?author=5\"><img loading=\"lazy\" decoding=\"async\" alt=\"\" src=\"http:\/\/0.gravatar.com\/avatar\/97f8e10a1c1125ba104a76514ee07b16?s=150&amp;d=mm&amp;r=g\" srcset=\"http:\/\/0.gravatar.com\/avatar\/97f8e10a1c1125ba104a76514ee07b16?s=300&amp;d=mm&amp;r=g 2x\" class=\"avatar avatar-150 photo\" height=\"150\" width=\"150\"\/><\/a><\/div>\n<\/div>\n<\/div>\n<aside class=\"mashsb-container mashsb-main mashsb-stretched\">\n<\/aside>\n<p>Auteur: L&rsquo;expert<br \/>\n<a href=\"http:\/\/lexpertjournal.net\/fr\/?p=15801\">Cliquez ici pour lire l&rsquo;article depuis sa source.<\/a><\/p>\n","protected":false},"excerpt":{"rendered":"<p>La Soci\u00e9t\u00e9 Tunisie Profil\u00e9s Aluminium (TPR) a enregistr\u00e9 une baisse de 35% de son chiffre d\u2019affaires global pour s\u2019\u00e9tablir \u00e0 50,87 millions de dinars (MD) au 30 juin 2020 contre 78,66 MD au 30 juin 2019, selon ses indicateurs d\u2019activit\u00e9s trimestriels publi\u00e9s sur le site du CMF. Le chiffre d\u2019affaires local de la soci\u00e9t\u00e9 r\u00e9alis\u00e9 [&hellip;]<\/p>\n","protected":false},"author":1775,"featured_media":0,"comment_status":"closed","ping_status":"closed","sticky":false,"template":"","format":"standard","meta":{"fifu_image_url":"","fifu_image_alt":"","footnotes":""},"categories":[78,55],"tags":[],"class_list":["post-92638","post","type-post","status-publish","format-standard","hentry","category-economie","category-tunisie"],"_links":{"self":[{"href":"https:\/\/linitiative.ca\/International\/wp-json\/wp\/v2\/posts\/92638","targetHints":{"allow":["GET"]}}],"collection":[{"href":"https:\/\/linitiative.ca\/International\/wp-json\/wp\/v2\/posts"}],"about":[{"href":"https:\/\/linitiative.ca\/International\/wp-json\/wp\/v2\/types\/post"}],"author":[{"embeddable":true,"href":"https:\/\/linitiative.ca\/International\/wp-json\/wp\/v2\/users\/1775"}],"replies":[{"embeddable":true,"href":"https:\/\/linitiative.ca\/International\/wp-json\/wp\/v2\/comments?post=92638"}],"version-history":[{"count":0,"href":"https:\/\/linitiative.ca\/International\/wp-json\/wp\/v2\/posts\/92638\/revisions"}],"wp:attachment":[{"href":"https:\/\/linitiative.ca\/International\/wp-json\/wp\/v2\/media?parent=92638"}],"wp:term":[{"taxonomy":"category","embeddable":true,"href":"https:\/\/linitiative.ca\/International\/wp-json\/wp\/v2\/categories?post=92638"},{"taxonomy":"post_tag","embeddable":true,"href":"https:\/\/linitiative.ca\/International\/wp-json\/wp\/v2\/tags?post=92638"}],"curies":[{"name":"wp","href":"https:\/\/api.w.org\/{rel}","templated":true}]}}