{"id":92639,"date":"2020-07-17T08:36:06","date_gmt":"2020-07-17T12:36:06","guid":{"rendered":"https:\/\/linitiative.ca\/International\/motion-de-retrait-de-confiance-ghannouchi-accuse-de-mauvaise-gestion-du-parlement\/"},"modified":"2020-07-17T08:36:06","modified_gmt":"2020-07-17T12:36:06","slug":"motion-de-retrait-de-confiance-ghannouchi-accuse-de-mauvaise-gestion-du-parlement","status":"publish","type":"post","link":"https:\/\/linitiative.ca\/International\/motion-de-retrait-de-confiance-ghannouchi-accuse-de-mauvaise-gestion-du-parlement\/","title":{"rendered":"Motion de retrait de confiance : Ghannouchi accus\u00e9 de \u00ab mauvaise gestion du parlement \u00bb"},"content":{"rendered":"<p>Des d\u00e9put\u00e9s de l\u2019Assembl\u00e9e des repr\u00e9sentants du peuple ont accus\u00e9 le pr\u00e9sident du parlement, Rached Ghannouchi, de \u00ab mauvaise gestion \u00bb de l\u2019institution l\u00e9gislative et d\u2019avoir \u00ab commis plusieurs d\u00e9passements \u00bb, ce qui les a amen\u00e9s \u00e0 d\u00e9poser une motion de retrait de la confiance au pr\u00e9sident de l\u2019ARP.<\/p>\n<p>Le d\u00e9put\u00e9 Mustapha Ben Ahmed, du bloc parlementaire de Tahya Toun\u00e8s, a indiqu\u00e9 qu\u2019une motion de retrait de confiance \u00e0 Rached Ghannouchi a \u00e9t\u00e9 d\u00e9pos\u00e9e au bureau d\u2019ordre de l\u2019ARP, apr\u00e8s avoir collect\u00e9 les 73 signatures requises.<\/p>\n<p>Cette motion a pour objectif d\u2019assainir le climat et d\u2019am\u00e9liorer les conditions de travail, devenues insupportables, au sein du parlement, a-t-il pr\u00e9cis\u00e9.<\/p>\n<p>Ben Ahmed a rappel\u00e9 que les signataires de la motion sont les d\u00e9put\u00e9s des blocs \u00ab D\u00e9mocratique \u00bb, de \u00ab Watania \u00bb, de \u00ab Tahya Toun\u00e8s \u00bb, de \u00ab la R\u00e9forme nationale \u00bb, des ind\u00e9pendants et des \u00e9lus appartenant \u00e0 d\u2019autres blocs parlementaires.<\/p>\n<p>Pour sa part, Samia Abbou (bloc d\u00e9mocratique) a pass\u00e9 en revue le contenu de la motion qui a \u00e9t\u00e9 d\u00e9pos\u00e9e en application des dispositions de l\u2019article 51 du r\u00e8glement int\u00e9rieur du parlement.<\/p>\n<p>Parmi les d\u00e9passements commis par Ghannouchi, a-t-elle expliqu\u00e9, prendre des positions politiques relatives \u00e0 des questions r\u00e9gionales et internationales qui ne sont pas compatibles avec la position officielle de l\u2019Etat, notamment sur le dossier libyen.<\/p>\n<p>\u00ab Ghannouchi a, \u00e9galement, re\u00e7u nombre d\u2019ambassadeurs et de responsables \u00e9trangers et publi\u00e9 des d\u00e9clarations sans aviser le bureau de l\u2019ARP, outre l\u2019utilisation de l\u2019administration du parlement pour servir des int\u00e9r\u00eats et des objectifs partisans \u00bb, a-t-elle indiqu\u00e9.<\/p>\n<p>D\u2019apr\u00e8s elle, Ghannouchi \u00ab n\u2019a pas pris les dispositions n\u00e9cessaires pour mettre fin au chaos au sein de l\u2019h\u00e9micycle qui a entrav\u00e9 les travaux de la pl\u00e9ni\u00e8re et ceux des commissions \u00e0 plusieurs reprises \u00bb, a-t-elle ajout\u00e9. \u00ab Ghannouchi a, aussi, transgress\u00e9 la loi en d\u00e9l\u00e9guant ses pr\u00e9rogatives \u00e0 son chef de cabinet, Habib Khedher \u00bb.<\/p>\n<p>De son c\u00f4t\u00e9, Hassouna Nasfi (bloc de la R\u00e9forme nationale) a indiqu\u00e9 que la motion de retrait de confiance reste ouverte. \u00ab D\u2019autres d\u00e9put\u00e9s se joindront aux signataires, avant son examen en s\u00e9ance pl\u00e9ni\u00e8re \u00bb, a-t-il dit.<\/p>\n<p>Et d\u2019affirmer \u00ab il ne s\u2019agit pas d\u2019un r\u00e8glement de compte politique, mais de ramener au droit chemin le processus de l\u2019action l\u00e9gislative \u00bb.<\/p>\n<p>Soixante-treize d\u00e9put\u00e9s ont d\u00e9pos\u00e9, jeudi, aupr\u00e8s du bureau d\u2019ordre de l\u2019ARP, une motion de retrait de confiance au pr\u00e9sident du Parlement Rached Ghannouchi, a d\u00e9clar\u00e9 Hassouna Nasfi, pr\u00e9sident du bloc la R\u00e9forme.<\/p>\n<div class=\"wp-post-author-wrap wp-post-author-shortcode left\">\n<h3 class=\"awpa-title\"\/>\n<div class=\"wp-post-author\">\n<div class=\"awpa-img awpa-author-block square\"><a href=\"http:\/\/lexpertjournal.net\/fr\/?author=5\"><img loading=\"lazy\" decoding=\"async\" alt=\"\" src=\"http:\/\/0.gravatar.com\/avatar\/97f8e10a1c1125ba104a76514ee07b16?s=150&amp;d=mm&amp;r=g\" srcset=\"http:\/\/0.gravatar.com\/avatar\/97f8e10a1c1125ba104a76514ee07b16?s=300&amp;d=mm&amp;r=g 2x\" class=\"avatar avatar-150 photo\" height=\"150\" width=\"150\"\/><\/a><\/div>\n<\/div>\n<\/div>\n<aside class=\"mashsb-container mashsb-main mashsb-stretched\">\n<\/aside>\n<p>Auteur: L&rsquo;expert<br \/>\n<a href=\"http:\/\/lexpertjournal.net\/fr\/?p=15804\">Cliquez ici pour lire l&rsquo;article depuis sa source.<\/a><\/p>\n","protected":false},"excerpt":{"rendered":"<p>Des d\u00e9put\u00e9s de l\u2019Assembl\u00e9e des repr\u00e9sentants du peuple ont accus\u00e9 le pr\u00e9sident du parlement, Rached Ghannouchi, de \u00ab mauvaise gestion \u00bb de l\u2019institution l\u00e9gislative et d\u2019avoir \u00ab commis plusieurs d\u00e9passements \u00bb, ce qui les a amen\u00e9s \u00e0 d\u00e9poser une motion de retrait de la confiance au pr\u00e9sident de l\u2019ARP. Le d\u00e9put\u00e9 Mustapha Ben Ahmed, du [&hellip;]<\/p>\n","protected":false},"author":1775,"featured_media":0,"comment_status":"closed","ping_status":"closed","sticky":false,"template":"","format":"standard","meta":{"fifu_image_url":"","fifu_image_alt":"","footnotes":""},"categories":[78,55],"tags":[],"class_list":["post-92639","post","type-post","status-publish","format-standard","hentry","category-economie","category-tunisie"],"_links":{"self":[{"href":"https:\/\/linitiative.ca\/International\/wp-json\/wp\/v2\/posts\/92639","targetHints":{"allow":["GET"]}}],"collection":[{"href":"https:\/\/linitiative.ca\/International\/wp-json\/wp\/v2\/posts"}],"about":[{"href":"https:\/\/linitiative.ca\/International\/wp-json\/wp\/v2\/types\/post"}],"author":[{"embeddable":true,"href":"https:\/\/linitiative.ca\/International\/wp-json\/wp\/v2\/users\/1775"}],"replies":[{"embeddable":true,"href":"https:\/\/linitiative.ca\/International\/wp-json\/wp\/v2\/comments?post=92639"}],"version-history":[{"count":0,"href":"https:\/\/linitiative.ca\/International\/wp-json\/wp\/v2\/posts\/92639\/revisions"}],"wp:attachment":[{"href":"https:\/\/linitiative.ca\/International\/wp-json\/wp\/v2\/media?parent=92639"}],"wp:term":[{"taxonomy":"category","embeddable":true,"href":"https:\/\/linitiative.ca\/International\/wp-json\/wp\/v2\/categories?post=92639"},{"taxonomy":"post_tag","embeddable":true,"href":"https:\/\/linitiative.ca\/International\/wp-json\/wp\/v2\/tags?post=92639"}],"curies":[{"name":"wp","href":"https:\/\/api.w.org\/{rel}","templated":true}]}}