{"id":92646,"date":"2020-07-17T05:11:14","date_gmt":"2020-07-17T09:11:14","guid":{"rendered":"https:\/\/linitiative.ca\/International\/un-nouveau-groupe-des-adouls-prete-serment-devant-la-cour-dappel\/"},"modified":"2020-07-17T05:11:14","modified_gmt":"2020-07-17T09:11:14","slug":"un-nouveau-groupe-des-adouls-prete-serment-devant-la-cour-dappel","status":"publish","type":"post","link":"https:\/\/linitiative.ca\/International\/un-nouveau-groupe-des-adouls-prete-serment-devant-la-cour-dappel\/","title":{"rendered":"Un nouveau groupe des Adouls pr\u00eate serment devant la Cour d\u2019Appel"},"content":{"rendered":"<div class=\"single-featured\"><img alt=\"\" data-src=\"http:\/\/www.mapmarrakech.ma\/map\/uploads\/2020\/07\/adoul-serment-safi-copier.jpg\"\/><\/div>\n<div class=\"single-post-excerpt post-excerpt-bc\" readability=\"35\">\n<p>Safi \u2013 Un nouveau groupe des adouls a pr\u00eat\u00e9 serment, mercredi devant la Cour d\u2019Appel de Safi, conform\u00e9ment aux dispositions de l\u2019article 10 de la loi relative \u00e0 la profession.<\/p>\n<\/div>\n<div class=\"entry-content clearfix single-post-content\" readability=\"69\">\n<p>Ce groupe compos\u00e9 de 21 adouls, dont 11 femmes, a re\u00e7u une formation de plus de 06 mois au sein de l\u2019Institut sup\u00e9rieur de la magistrature (ISM), et b\u00e9n\u00e9fici\u00e9 de l\u2019encadrement du Conseil r\u00e9gional des adouls \u00e0 Safi.<\/p>\n<p>Ces adouls ont aussi effectu\u00e9 un stage de 03 mois \u00e0 la Cour d\u2019Appel de Safi et dans d\u2019autres tribunaux du Royaume, outre des stages de formation dans des cabinets d\u2019adouls sur la pratique effective de cette profession.<\/p>\n<p>Les adouls ont \u00e9t\u00e9 admis \u00e0 pratiquer cette profession apr\u00e8s avoir rempli les conditions requises, et r\u00e9ussi l\u2019examen final organis\u00e9 par l\u2019ISM.<\/p>\n<p>Dans une allocution de circonstance, le pr\u00e9sident du Conseil r\u00e9gional des adouls relevant de la circonscription de la Cour d\u2019appel de Safi, Mustapha Errachidi, a relev\u00e9 que cette promotion comporte des femmes adouls et ce, en application de la d\u00e9cision Royale autorisant la femme \u00e0 exercer cette profession.<\/p>\n<p>Il a, dans la foul\u00e9e, rappel\u00e9 que les conseils r\u00e9gionaux des Adouls du Maroc avaient salu\u00e9 cette d\u00e9cision Royale et facilit\u00e9 l\u2019acc\u00e8s des femmes \u00e0 cette profession lib\u00e9rale r\u00e9serv\u00e9e jusque-l\u00e0 uniquement aux hommes.<\/p>\n<p>La c\u00e9r\u00e9monie de prestation du serment, pr\u00e9sid\u00e9e par le premier pr\u00e9sident de la Cour d\u2019Appel de Safi, s\u2019est d\u00e9roul\u00e9e dans le strict respect des mesures pr\u00e9ventives d\u00e9cr\u00e9t\u00e9es pour endiguer la propagation de la pand\u00e9mie de la Covid-19, dont le port des masques de protection et la distanciation sociale.<\/p>\n<\/div>\n<p>Auteur: Meriem IGASS<br \/>\n<a href=\"http:\/\/www.mapmarrakech.ma\/fr\/un-nouveau-groupe-des-adouls-prete-serment-devant-la-cour-dappel\/\">Cliquez ici pour lire l&rsquo;article depuis sa source.<\/a><\/p>\n","protected":false},"excerpt":{"rendered":"<p>Safi \u2013 Un nouveau groupe des adouls a pr\u00eat\u00e9 serment, mercredi devant la Cour d\u2019Appel de Safi, conform\u00e9ment aux dispositions de l\u2019article 10 de la loi relative \u00e0 la profession. Ce groupe compos\u00e9 de 21 adouls, dont 11 femmes, a re\u00e7u une formation de plus de 06 mois au sein de l\u2019Institut sup\u00e9rieur de la [&hellip;]<\/p>\n","protected":false},"author":1788,"featured_media":92647,"comment_status":"closed","ping_status":"closed","sticky":false,"template":"","format":"standard","meta":{"fifu_image_url":"","fifu_image_alt":"","footnotes":""},"categories":[54,76],"tags":[],"class_list":["post-92646","post","type-post","status-publish","format-standard","has-post-thumbnail","hentry","category-maroc","category-regions"],"_links":{"self":[{"href":"https:\/\/linitiative.ca\/International\/wp-json\/wp\/v2\/posts\/92646","targetHints":{"allow":["GET"]}}],"collection":[{"href":"https:\/\/linitiative.ca\/International\/wp-json\/wp\/v2\/posts"}],"about":[{"href":"https:\/\/linitiative.ca\/International\/wp-json\/wp\/v2\/types\/post"}],"author":[{"embeddable":true,"href":"https:\/\/linitiative.ca\/International\/wp-json\/wp\/v2\/users\/1788"}],"replies":[{"embeddable":true,"href":"https:\/\/linitiative.ca\/International\/wp-json\/wp\/v2\/comments?post=92646"}],"version-history":[{"count":0,"href":"https:\/\/linitiative.ca\/International\/wp-json\/wp\/v2\/posts\/92646\/revisions"}],"wp:featuredmedia":[{"embeddable":true,"href":"https:\/\/linitiative.ca\/International\/wp-json\/"}],"wp:attachment":[{"href":"https:\/\/linitiative.ca\/International\/wp-json\/wp\/v2\/media?parent=92646"}],"wp:term":[{"taxonomy":"category","embeddable":true,"href":"https:\/\/linitiative.ca\/International\/wp-json\/wp\/v2\/categories?post=92646"},{"taxonomy":"post_tag","embeddable":true,"href":"https:\/\/linitiative.ca\/International\/wp-json\/wp\/v2\/tags?post=92646"}],"curies":[{"name":"wp","href":"https:\/\/api.w.org\/{rel}","templated":true}]}}