{"id":92654,"date":"2020-07-16T17:33:03","date_gmt":"2020-07-16T21:33:03","guid":{"rendered":"https:\/\/linitiative.ca\/International\/lump-organise-leuniversite-internationale-dete-les-22-et-23-juillet\/"},"modified":"2020-07-16T17:33:03","modified_gmt":"2020-07-16T21:33:03","slug":"lump-organise-leuniversite-internationale-dete-les-22-et-23-juillet","status":"publish","type":"post","link":"https:\/\/linitiative.ca\/International\/lump-organise-leuniversite-internationale-dete-les-22-et-23-juillet\/","title":{"rendered":"L\u2019UMP organise l\u2019eUniversit\u00e9 internationale d\u2019\u00e9t\u00e9, les 22 et 23 juillet"},"content":{"rendered":"<p class=\"c4\">L\u2019Universit\u00e9 Mohammed Premier (UMP-Oujda) organise, les 22 et 23 juillet, la premi\u00e8re \u00e9dition de l\u2019eUniversit\u00e9 internationale d\u2019\u00e9t\u00e9 autour du th\u00e8me \u2018\u2019Le num\u00e9rique au service de l\u2019enseignement et du d\u00e9veloppement\u2019\u2019.<\/p>\n<p class=\"c4\">Cet \u00e9v\u00e9nement se veut un espace de partages et de r\u00e9flexion sur les exp\u00e9riences et les r\u00e9alisations dans le domaine du digital p\u00e9dagogique et sur les perspectives idoines pour favoriser et acc\u00e9l\u00e9rer le processus d\u2019implantation des TICE (Technologies de l\u2019information et de la communication pour l\u2019enseignement).<\/p>\n<p class=\"c4\">L\u2019objectif est \u2019\u2019d\u2019optimaliser leurs usages et d\u2019institutionnaliser juridiquement la formation \u00e0 distance dispens\u00e9e dans nos universit\u00e9s\u2019\u2019, expliquent les organisateurs.<\/p>\n<p class=\"c4\">L\u2019UMP pourra ainsi mieux se positionner dans l\u2019\u00e9change de savoirs et des exp\u00e9riences d\u2019enseignement\/apprentissage, am\u00e9liorer la qualit\u00e9 de ses formations et atteindre, notamment \u00e0 travers les FOAD (Formations ouvertes ou \u00e0 distance), un public plus large \u00e0 l\u2019\u00e9chelle r\u00e9gionale, nationale et internationale.<\/p>\n<p class=\"c4\">Elle ambitionne \u00e9galement de renforcer son statut de locomotive de la r\u00e9gion orientale et de contribuer au d\u00e9veloppement du pays, soulignent-ils.<\/p>\n<p class=\"c4\">Dans une note de pr\u00e9sentation de cette \u00e9dition, les organisateurs rappellent que le Maroc, conscient de la n\u00e9cessit\u00e9 de s\u2019approprier les TIC dans les diff\u00e9rents domaines de la vie pour un meilleur d\u00e9veloppement, a notamment pari\u00e9 sur la promotion de l\u2019int\u00e9gration des TIC dans l\u2019Enseignement.<\/p>\n<p class=\"c4\">\u2019\u2019S\u2019approprier le num\u00e9rique permet d\u2019anticiper le d\u00e9veloppement socio\u00e9conomique et culturel\u2019\u2019, estiment-ils.<\/p>\n<p class=\"c4\">Au programme de cette \u00e9dition figurent une table ronde sur \u00ab\u00a0La formation dipl\u00f4mante \u00e0 distance : Retours sur exp\u00e9riences\u2019\u2019, en sus d\u2019ateliers traitant de divers sujets, dont \u2019\u2019Comp\u00e9tences num\u00e9riques et m\u00e9tiers de demain, \u2018\u2019La p\u00e9dagogie universitaire \u00e0 l\u2019\u00e8re num\u00e9rique\u2019\u2019, \u2019\u2019P\u00e9dagogie 2.0 et d\u00e9veloppement\u2019\u2019, \u2019\u2019La digitalisation des sciences humaines\u2019\u2019, et \u2019\u2019Soft Skills and Digital Transformation\u2019\u2019.<\/p>\n<p class=\"c4\">Exceptionnellement \u00e0 cause du Covid-19, toutes les s\u00e9ances de cette \u00e9dition se d\u00e9rouleront sur Google Meet en diffusion Live sur Facebook, pr\u00e9cise la m\u00eame source, faisant savoir que les actes seront publi\u00e9s dans un num\u00e9ro sp\u00e9cial de la revue \u00e9lectronique L2C (sur le Portail des revues de l\u2019IMIST-CNRST Maroc).<\/p>\n<p>Auteur: Soufiane ELAHMAR<br \/>\n<a href=\"http:\/\/www.mapoujda.ma\/fr\/lump-organise-leuniversite-internationale-dete-les-22-et-23-juillet\/\">Cliquez ici pour lire l&rsquo;article depuis sa source.<\/a><\/p>\n","protected":false},"excerpt":{"rendered":"<p>L\u2019Universit\u00e9 Mohammed Premier (UMP-Oujda) organise, les 22 et 23 juillet, la premi\u00e8re \u00e9dition de l\u2019eUniversit\u00e9 internationale d\u2019\u00e9t\u00e9 autour du th\u00e8me \u2018\u2019Le num\u00e9rique au service de l\u2019enseignement et du d\u00e9veloppement\u2019\u2019. Cet \u00e9v\u00e9nement se veut un espace de partages et de r\u00e9flexion sur les exp\u00e9riences et les r\u00e9alisations dans le domaine du digital p\u00e9dagogique et sur les [&hellip;]<\/p>\n","protected":false},"author":1788,"featured_media":0,"comment_status":"closed","ping_status":"closed","sticky":false,"template":"","format":"standard","meta":{"fifu_image_url":"","fifu_image_alt":"","footnotes":""},"categories":[54,76],"tags":[],"class_list":["post-92654","post","type-post","status-publish","format-standard","hentry","category-maroc","category-regions"],"_links":{"self":[{"href":"https:\/\/linitiative.ca\/International\/wp-json\/wp\/v2\/posts\/92654","targetHints":{"allow":["GET"]}}],"collection":[{"href":"https:\/\/linitiative.ca\/International\/wp-json\/wp\/v2\/posts"}],"about":[{"href":"https:\/\/linitiative.ca\/International\/wp-json\/wp\/v2\/types\/post"}],"author":[{"embeddable":true,"href":"https:\/\/linitiative.ca\/International\/wp-json\/wp\/v2\/users\/1788"}],"replies":[{"embeddable":true,"href":"https:\/\/linitiative.ca\/International\/wp-json\/wp\/v2\/comments?post=92654"}],"version-history":[{"count":0,"href":"https:\/\/linitiative.ca\/International\/wp-json\/wp\/v2\/posts\/92654\/revisions"}],"wp:attachment":[{"href":"https:\/\/linitiative.ca\/International\/wp-json\/wp\/v2\/media?parent=92654"}],"wp:term":[{"taxonomy":"category","embeddable":true,"href":"https:\/\/linitiative.ca\/International\/wp-json\/wp\/v2\/categories?post=92654"},{"taxonomy":"post_tag","embeddable":true,"href":"https:\/\/linitiative.ca\/International\/wp-json\/wp\/v2\/tags?post=92654"}],"curies":[{"name":"wp","href":"https:\/\/api.w.org\/{rel}","templated":true}]}}