{"id":92657,"date":"2020-07-17T10:16:48","date_gmt":"2020-07-17T14:16:48","guid":{"rendered":"https:\/\/linitiative.ca\/International\/trafic-international-de-drogue-interpellation-dun-individu\/"},"modified":"2020-07-17T10:16:48","modified_gmt":"2020-07-17T14:16:48","slug":"trafic-international-de-drogue-interpellation-dun-individu","status":"publish","type":"post","link":"https:\/\/linitiative.ca\/International\/trafic-international-de-drogue-interpellation-dun-individu\/","title":{"rendered":"Trafic international de drogue : Interpellation d\u2019un individu"},"content":{"rendered":"<div class=\"single-featured\"><img alt=\"\" data-src=\"http:\/\/www.mapoujda.ma\/map\/uploads\/2019\/07\/Arrestation-dun-individu-&#xE0;-Oujda-M750&#xD7;430.jpg\"\/><\/div>\n<div class=\"entry-content clearfix single-post-content\" readability=\"57\">\n<p class=\"c4\">Les \u00e9l\u00e9ments du service pr\u00e9fectoral de la police judiciaire d\u2019Oujda ont proc\u00e9d\u00e9, jeudi soir, \u00e0 l\u2019interpellation d\u2019un individu \u00e2g\u00e9 de 36 ans pour son lien pr\u00e9sum\u00e9 avec un r\u00e9seau criminel s\u2019activant dans le trafic international de drogue.<\/p>\n<p>Le suspect a \u00e9t\u00e9 interpell\u00e9 dans une zone r\u00e9sidentielle de Oujda, alors qu\u2019il participait \u00e0 la livraison d\u2019une cargaison de psychotropes \u00e0 un m\u00e9diateur, indique un communiqu\u00e9 de la Direction g\u00e9n\u00e9rale de la s\u00fbret\u00e9 nationale (DGSN), pr\u00e9cisant que cette op\u00e9ration a permis la saisie de 16 ballots d\u2019un poids total de 400 kilogrammes de chira.<\/p>\n<p class=\"c4\">Le mis en cause a \u00e9t\u00e9 plac\u00e9 en garde \u00e0 vue \u00e0 la disposition de l\u2019enqu\u00eate men\u00e9e sous la supervision du parquet comp\u00e9tent afin d\u2019\u00e9lucider les tenants et aboutissants de cette affaire,\u00a0 identifier d\u00e9terminer ses \u00e9ventuels liens avec les r\u00e9seaux de trafic international de drogue\u00a0ainsi que pour interpeller d\u2019autres complices impliqu\u00e9s dans cette activit\u00e9 criminelle, ajoute la m\u00eame source.<\/p>\n<p class=\"c4\">Cette affaire s\u2019inscrit dans le cadre des op\u00e9rations s\u00e9curitaires pour lutter contre toutes les formes des crimes transfrontaliers , notamment le trafic international de drogues et de psychotropes, conclut le communiqu\u00e9.<\/p>\n<\/div>\n<p>Auteur: Soufiane ELAHMAR<br \/>\n<a href=\"http:\/\/www.mapoujda.ma\/fr\/trafic-international-de-drogue-interpellation-dun-individu\/\">Cliquez ici pour lire l&rsquo;article depuis sa source.<\/a><\/p>\n","protected":false},"excerpt":{"rendered":"<p>Les \u00e9l\u00e9ments du service pr\u00e9fectoral de la police judiciaire d\u2019Oujda ont proc\u00e9d\u00e9, jeudi soir, \u00e0 l\u2019interpellation d\u2019un individu \u00e2g\u00e9 de 36 ans pour son lien pr\u00e9sum\u00e9 avec un r\u00e9seau criminel s\u2019activant dans le trafic international de drogue. Le suspect a \u00e9t\u00e9 interpell\u00e9 dans une zone r\u00e9sidentielle de Oujda, alors qu\u2019il participait \u00e0 la livraison d\u2019une [&hellip;]<\/p>\n","protected":false},"author":1788,"featured_media":92658,"comment_status":"closed","ping_status":"closed","sticky":false,"template":"","format":"standard","meta":{"fifu_image_url":"","fifu_image_alt":"","footnotes":""},"categories":[54,76],"tags":[],"class_list":["post-92657","post","type-post","status-publish","format-standard","has-post-thumbnail","hentry","category-maroc","category-regions"],"_links":{"self":[{"href":"https:\/\/linitiative.ca\/International\/wp-json\/wp\/v2\/posts\/92657","targetHints":{"allow":["GET"]}}],"collection":[{"href":"https:\/\/linitiative.ca\/International\/wp-json\/wp\/v2\/posts"}],"about":[{"href":"https:\/\/linitiative.ca\/International\/wp-json\/wp\/v2\/types\/post"}],"author":[{"embeddable":true,"href":"https:\/\/linitiative.ca\/International\/wp-json\/wp\/v2\/users\/1788"}],"replies":[{"embeddable":true,"href":"https:\/\/linitiative.ca\/International\/wp-json\/wp\/v2\/comments?post=92657"}],"version-history":[{"count":0,"href":"https:\/\/linitiative.ca\/International\/wp-json\/wp\/v2\/posts\/92657\/revisions"}],"wp:featuredmedia":[{"embeddable":true,"href":"https:\/\/linitiative.ca\/International\/wp-json\/"}],"wp:attachment":[{"href":"https:\/\/linitiative.ca\/International\/wp-json\/wp\/v2\/media?parent=92657"}],"wp:term":[{"taxonomy":"category","embeddable":true,"href":"https:\/\/linitiative.ca\/International\/wp-json\/wp\/v2\/categories?post=92657"},{"taxonomy":"post_tag","embeddable":true,"href":"https:\/\/linitiative.ca\/International\/wp-json\/wp\/v2\/tags?post=92657"}],"curies":[{"name":"wp","href":"https:\/\/api.w.org\/{rel}","templated":true}]}}