{"id":92659,"date":"2020-07-17T09:41:05","date_gmt":"2020-07-17T13:41:05","guid":{"rendered":"https:\/\/linitiative.ca\/International\/lagence-virtuelle-par-societe-generale-maroc\/"},"modified":"2020-07-17T09:41:05","modified_gmt":"2020-07-17T13:41:05","slug":"lagence-virtuelle-par-societe-generale-maroc","status":"publish","type":"post","link":"https:\/\/linitiative.ca\/International\/lagence-virtuelle-par-societe-generale-maroc\/","title":{"rendered":"L\u2019agence virtuelle par Soci\u00e9t\u00e9 G\u00e9n\u00e9rale Maroc"},"content":{"rendered":"<div class=\"body\">\n<div class=\"field field-name-body field-type-text-with-summary field-label-hidden\">\n<div class=\"field-items\" readability=\"11.5\">\n<div class=\"field-item even\" property=\"content:encoded\" readability=\"18\">\n<p class=\"rtejustify\">Soci\u00e9t\u00e9 G\u00e9n\u00e9rale Maroc lance SoG\u00e9, son agence bancaire virtuelle. Il s\u2019agit, selon la banque, d\u2019un nouveau mod\u00e8le relationnel s\u2019appuyant \u00absur une offre de service omnicanal, avec l\u2019accompagnement personnalis\u00e9 prodigu\u00e9 par une \u00e9quipe de t\u00e9l\u00e9banquiers joignables sur des horaires \u00e9tendus jusqu\u2019\u00e0 20h30\u00bb. R\u00e9pondant \u00e0 un besoin d\u2019autonomie, d\u2019accompagnement personnalis\u00e9 et de tarification adapt\u00e9e, SoG\u00e9, avec son offre \u00abLibert\u00e9\u00bb, propose l\u2019essentiel de la \u00abbanque au quotidien\u00bb \u00e0 distance et sans conditions d\u2019\u00e2ge ni de revenus.<br \/><em>M.A.B.<\/em><\/p>\n<\/div>\n<\/div>\n<\/div>\n<\/div>\n<div class=\"eco-conseil\">\n<div class=\"view view-eco-conseil-16 view-id-eco_conseil_16 view-display-id-cookies view-dom-id-874c0147b32897a1c2ca3e32a30cc12f\">\n<div class=\"view-content\">\n<div id=\"views-bootstrap-grid-1\" class=\"views-bootstrap-grid-plugin-style\">\n<div class=\"row\">\n<div class=\" col-xs-12 col-lg-4\">\n<div class=\"row\">\n<div class=\"col col-xs-12 col-lg-12\">\n<div class=\"field-content\"><a href=\"\/article\/1064881-ecole-version-e-learning-de-tous-les-cours-pour-la-rentree\"><img loading=\"lazy\" decoding=\"async\" class=\"img-responsive\" typeof=\"foaf:Image\" src=\"https:\/\/www.leconomiste.com\/sites\/default\/files\/eco7\/public\/styles\/800x400\/public\/default_images\/default_une.jpg?itok=4jZlgnIZ\" width=\"660\" height=\"330\" alt=\"\"\/><\/a><\/div>\n<\/div>\n<div class=\" title_suite_2 col col-xs-12 col-lg-12\"> <a href=\"\/article\/1064881-ecole-version-e-learning-de-tous-les-cours-pour-la-rentree\"\/><span class=\"field-content\">Ecole: Version e-learning de tous les cours pour la rentr\u00e9e<\/span><\/div>\n<\/div>\n<\/div>\n<div class=\" col-xs-12 col-lg-4\">\n<div class=\"row\">\n<div class=\"col col-xs-12 col-lg-12\">\n<div class=\"field-content\"><a href=\"\/article\/1064880-migration-internationale-le-rapport-final-en-ligne\"><img loading=\"lazy\" decoding=\"async\" class=\"img-responsive\" typeof=\"foaf:Image\" src=\"https:\/\/www.leconomiste.com\/sites\/default\/files\/eco7\/public\/styles\/800x400\/public\/default_images\/default_une.jpg?itok=4jZlgnIZ\" width=\"660\" height=\"330\" alt=\"\"\/><\/a><\/div>\n<\/div>\n<div class=\" title_suite_2 col col-xs-12 col-lg-12\"> <a href=\"\/article\/1064880-migration-internationale-le-rapport-final-en-ligne\"\/><span class=\"field-content\">Migration internationale: Le rapport final en ligne<\/span><\/div>\n<\/div>\n<\/div>\n<div class=\" col-xs-12 col-lg-4\">\n<div class=\"row\">\n<div class=\"col col-xs-12 col-lg-12\">\n<div class=\"field-content\"><a href=\"\/article\/1064879-le-nom-du-groupe-issu-de-la-fusion-psa-fca-connu\"><img loading=\"lazy\" decoding=\"async\" class=\"img-responsive\" typeof=\"foaf:Image\" src=\"https:\/\/www.leconomiste.com\/sites\/default\/files\/eco7\/public\/styles\/800x400\/public\/default_images\/default_une.jpg?itok=4jZlgnIZ\" width=\"660\" height=\"330\" alt=\"\"\/><\/a><\/div>\n<\/div>\n<div class=\" title_suite_2 col col-xs-12 col-lg-12\"> <a href=\"\/article\/1064879-le-nom-du-groupe-issu-de-la-fusion-psa-fca-connu\"\/><span class=\"field-content\">Le nom du groupe issu de la fusion PSA\/FCA connu<\/span><\/div>\n<\/div>\n<\/div>\n<\/div>\n<\/div>\n<\/div>\n<\/div>\n<\/div>\n<p>Auteur: hlafriqi<br \/>\n<a href=\"https:\/\/www.leconomiste.com\/article\/1064877-l-agence-virtuelle-par-societe-generale-maroc\">Cliquez ici pour lire l&rsquo;article depuis sa source.<\/a><\/p>\n","protected":false},"excerpt":{"rendered":"<p>Soci\u00e9t\u00e9 G\u00e9n\u00e9rale Maroc lance SoG\u00e9, son agence bancaire virtuelle. Il s\u2019agit, selon la banque, d\u2019un nouveau mod\u00e8le relationnel s\u2019appuyant \u00absur une offre de service omnicanal, avec l\u2019accompagnement personnalis\u00e9 prodigu\u00e9 par une \u00e9quipe de t\u00e9l\u00e9banquiers joignables sur des horaires \u00e9tendus jusqu\u2019\u00e0 20h30\u00bb. R\u00e9pondant \u00e0 un besoin d\u2019autonomie, d\u2019accompagnement personnalis\u00e9 et de tarification adapt\u00e9e, SoG\u00e9, avec son [&hellip;]<\/p>\n","protected":false},"author":1763,"featured_media":0,"comment_status":"closed","ping_status":"closed","sticky":false,"template":"","format":"standard","meta":{"fifu_image_url":"","fifu_image_alt":"","footnotes":""},"categories":[78,54],"tags":[],"class_list":["post-92659","post","type-post","status-publish","format-standard","hentry","category-economie","category-maroc"],"_links":{"self":[{"href":"https:\/\/linitiative.ca\/International\/wp-json\/wp\/v2\/posts\/92659","targetHints":{"allow":["GET"]}}],"collection":[{"href":"https:\/\/linitiative.ca\/International\/wp-json\/wp\/v2\/posts"}],"about":[{"href":"https:\/\/linitiative.ca\/International\/wp-json\/wp\/v2\/types\/post"}],"author":[{"embeddable":true,"href":"https:\/\/linitiative.ca\/International\/wp-json\/wp\/v2\/users\/1763"}],"replies":[{"embeddable":true,"href":"https:\/\/linitiative.ca\/International\/wp-json\/wp\/v2\/comments?post=92659"}],"version-history":[{"count":0,"href":"https:\/\/linitiative.ca\/International\/wp-json\/wp\/v2\/posts\/92659\/revisions"}],"wp:attachment":[{"href":"https:\/\/linitiative.ca\/International\/wp-json\/wp\/v2\/media?parent=92659"}],"wp:term":[{"taxonomy":"category","embeddable":true,"href":"https:\/\/linitiative.ca\/International\/wp-json\/wp\/v2\/categories?post=92659"},{"taxonomy":"post_tag","embeddable":true,"href":"https:\/\/linitiative.ca\/International\/wp-json\/wp\/v2\/tags?post=92659"}],"curies":[{"name":"wp","href":"https:\/\/api.w.org\/{rel}","templated":true}]}}