{"id":92660,"date":"2020-07-17T09:42:00","date_gmt":"2020-07-17T13:42:00","guid":{"rendered":"https:\/\/linitiative.ca\/International\/psa-le-doublement-des-capacites-de-production-des-septembre-a-kenitra\/"},"modified":"2020-07-17T09:42:00","modified_gmt":"2020-07-17T13:42:00","slug":"psa-le-doublement-des-capacites-de-production-des-septembre-a-kenitra","status":"publish","type":"post","link":"https:\/\/linitiative.ca\/International\/psa-le-doublement-des-capacites-de-production-des-septembre-a-kenitra\/","title":{"rendered":"PSA: le doublement des capacit\u00e9s de production d\u00e8s septembre \u00e0 K\u00e9nitra"},"content":{"rendered":"<div class=\"author\" readability=\"5.7931034482759\"> Par <a href=\"\/content\/amin-rboub\">Amin RBOUB<\/a> <a href=\"\/node\/\"> <\/a> | Edition N\u00b0:5806 Le 17\/07\/2020 | Partager <\/div>\n<div class=\"body\">\n<div class=\"field field-name-body field-type-text-with-summary field-label-hidden\">\n<div class=\"field-items\" readability=\"12\">\n<div class=\"field-item even\" property=\"content:encoded\" readability=\"19\">\n<p class=\"rtejustify\">Le groupe PSA vient de confirmer le doublement de la capacit\u00e9 de production de l&rsquo;usine de K\u00e9nitra d\u00e8s septembre. A partir de cette date, le site atteindra 200.000 v\u00e9hicules sur la r\u00e9gion Moyen Orient Afrique dont d\u00e9pend le Maroc. Justement, le constructeur rel\u00e8ve une forte r\u00e9silience malgr\u00e9 le contexte mondial. Malgr\u00e9 de forts vents contraires dus \u00e0 la pand\u00e9mie mondiale et au recul du march\u00e9 r\u00e9gional de 26,4%, les ventes globales du groupe restent sup\u00e9rieures \u00e0 celles de 2019 et la part de march\u00e9 r\u00e9gionale est en hausse de 46%. De fortes progressions de la part de march\u00e9 du Groupe PSA ont \u00e9t\u00e9 r\u00e9alis\u00e9es \u00e0 travers la r\u00e9gion, comme en Turquie (+ 5,4), en Egypte (+ 3,9) et au Maroc (+ 0,8).<br \/><em>A.R<\/em><\/p>\n<\/div>\n<\/div>\n<\/div>\n<\/div>\n<div class=\"eco-conseil\">\n<div class=\"view view-eco-conseil-16 view-id-eco_conseil_16 view-display-id-cookies view-dom-id-549734ba3b94184ab15f6772661871f7\">\n<div class=\"view-content\">\n<div id=\"views-bootstrap-grid-1\" class=\"views-bootstrap-grid-plugin-style\">\n<div class=\"row\">\n<div class=\" col-xs-12 col-lg-4\">\n<div class=\"row\">\n<div class=\"col col-xs-12 col-lg-12\">\n<div class=\"field-content\"><a href=\"\/article\/1064881-ecole-version-e-learning-de-tous-les-cours-pour-la-rentree\"><img loading=\"lazy\" decoding=\"async\" class=\"img-responsive\" typeof=\"foaf:Image\" src=\"https:\/\/www.leconomiste.com\/sites\/default\/files\/eco7\/public\/styles\/800x400\/public\/default_images\/default_une.jpg?itok=4jZlgnIZ\" width=\"660\" height=\"330\" alt=\"\"\/><\/a><\/div>\n<\/div>\n<div class=\" title_suite_2 col col-xs-12 col-lg-12\"> <a href=\"\/article\/1064881-ecole-version-e-learning-de-tous-les-cours-pour-la-rentree\"\/><span class=\"field-content\">Ecole: Version e-learning de tous les cours pour la rentr\u00e9e<\/span><\/div>\n<\/div>\n<\/div>\n<div class=\" col-xs-12 col-lg-4\">\n<div class=\"row\">\n<div class=\"col col-xs-12 col-lg-12\">\n<div class=\"field-content\"><a href=\"\/article\/1064880-migration-internationale-le-rapport-final-en-ligne\"><img loading=\"lazy\" decoding=\"async\" class=\"img-responsive\" typeof=\"foaf:Image\" src=\"https:\/\/www.leconomiste.com\/sites\/default\/files\/eco7\/public\/styles\/800x400\/public\/default_images\/default_une.jpg?itok=4jZlgnIZ\" width=\"660\" height=\"330\" alt=\"\"\/><\/a><\/div>\n<\/div>\n<div class=\" title_suite_2 col col-xs-12 col-lg-12\"> <a href=\"\/article\/1064880-migration-internationale-le-rapport-final-en-ligne\"\/><span class=\"field-content\">Migration internationale: Le rapport final en ligne<\/span><\/div>\n<\/div>\n<\/div>\n<div class=\" col-xs-12 col-lg-4\">\n<div class=\"row\">\n<div class=\"col col-xs-12 col-lg-12\">\n<div class=\"field-content\"><a href=\"\/article\/1064879-le-nom-du-groupe-issu-de-la-fusion-psa-fca-connu\"><img loading=\"lazy\" decoding=\"async\" class=\"img-responsive\" typeof=\"foaf:Image\" src=\"https:\/\/www.leconomiste.com\/sites\/default\/files\/eco7\/public\/styles\/800x400\/public\/default_images\/default_une.jpg?itok=4jZlgnIZ\" width=\"660\" height=\"330\" alt=\"\"\/><\/a><\/div>\n<\/div>\n<div class=\" title_suite_2 col col-xs-12 col-lg-12\"> <a href=\"\/article\/1064879-le-nom-du-groupe-issu-de-la-fusion-psa-fca-connu\"\/><span class=\"field-content\">Le nom du groupe issu de la fusion PSA\/FCA connu<\/span><\/div>\n<\/div>\n<\/div>\n<\/div>\n<\/div>\n<\/div>\n<\/div>\n<\/div>\n<p>Auteur: hlafriqi<br \/>\n<a href=\"https:\/\/www.leconomiste.com\/article\/1064878-psa-le-doublement-des-capacites-de-production-des-septembre-kenitra\">Cliquez ici pour lire l&rsquo;article depuis sa source.<\/a><\/p>\n","protected":false},"excerpt":{"rendered":"<p>Par Amin RBOUB | Edition N\u00b0:5806 Le 17\/07\/2020 | Partager Le groupe PSA vient de confirmer le doublement de la capacit\u00e9 de production de l&rsquo;usine de K\u00e9nitra d\u00e8s septembre. A partir de cette date, le site atteindra 200.000 v\u00e9hicules sur la r\u00e9gion Moyen Orient Afrique dont d\u00e9pend le Maroc. Justement, le constructeur rel\u00e8ve une forte [&hellip;]<\/p>\n","protected":false},"author":1763,"featured_media":0,"comment_status":"closed","ping_status":"closed","sticky":false,"template":"","format":"standard","meta":{"fifu_image_url":"","fifu_image_alt":"","footnotes":""},"categories":[78,54],"tags":[],"class_list":["post-92660","post","type-post","status-publish","format-standard","hentry","category-economie","category-maroc"],"_links":{"self":[{"href":"https:\/\/linitiative.ca\/International\/wp-json\/wp\/v2\/posts\/92660","targetHints":{"allow":["GET"]}}],"collection":[{"href":"https:\/\/linitiative.ca\/International\/wp-json\/wp\/v2\/posts"}],"about":[{"href":"https:\/\/linitiative.ca\/International\/wp-json\/wp\/v2\/types\/post"}],"author":[{"embeddable":true,"href":"https:\/\/linitiative.ca\/International\/wp-json\/wp\/v2\/users\/1763"}],"replies":[{"embeddable":true,"href":"https:\/\/linitiative.ca\/International\/wp-json\/wp\/v2\/comments?post=92660"}],"version-history":[{"count":0,"href":"https:\/\/linitiative.ca\/International\/wp-json\/wp\/v2\/posts\/92660\/revisions"}],"wp:attachment":[{"href":"https:\/\/linitiative.ca\/International\/wp-json\/wp\/v2\/media?parent=92660"}],"wp:term":[{"taxonomy":"category","embeddable":true,"href":"https:\/\/linitiative.ca\/International\/wp-json\/wp\/v2\/categories?post=92660"},{"taxonomy":"post_tag","embeddable":true,"href":"https:\/\/linitiative.ca\/International\/wp-json\/wp\/v2\/tags?post=92660"}],"curies":[{"name":"wp","href":"https:\/\/api.w.org\/{rel}","templated":true}]}}