{"id":92661,"date":"2020-07-17T09:42:52","date_gmt":"2020-07-17T13:42:52","guid":{"rendered":"https:\/\/linitiative.ca\/International\/le-nom-du-groupe-issu-de-la-fusion-psa-fca-connu\/"},"modified":"2020-07-17T09:42:52","modified_gmt":"2020-07-17T13:42:52","slug":"le-nom-du-groupe-issu-de-la-fusion-psa-fca-connu","status":"publish","type":"post","link":"https:\/\/linitiative.ca\/International\/le-nom-du-groupe-issu-de-la-fusion-psa-fca-connu\/","title":{"rendered":"Le nom du groupe issu de la fusion PSA\/FCA connu"},"content":{"rendered":"<div class=\"body\">\n<div class=\"field field-name-body field-type-text-with-summary field-label-hidden\">\n<div class=\"field-items\" readability=\"8.5\">\n<div class=\"field-item even\" property=\"content:encoded\" readability=\"12\">\n<p class=\"rtejustify\">Le nom du nouveau groupe qui sera issu de la fusion de FCA Group et PSA est d\u00e9sormais connu. Les deux groupes qui ne feront bient\u00f4t plus qu\u2019un se sont accord\u00e9s sur l\u2019appellation Stellantis. Ce non est issu du verbe latin \u00abstello\u00bb qui signifie \u00abbriller d&rsquo;\u00e9toiles\u00bb. Il s&rsquo;inspire \u00abde cet alignement nouveau et prometteur de marques automobiles l\u00e9gendaires et de cultures d&rsquo;entreprise fortes qui, en s\u2019unissant, cr\u00e9ent l&rsquo;un des nouveaux leaders de la prochaine \u00e8re de la mobilit\u00e9 tout en pr\u00e9servant toute la valeur exceptionnelle de l\u2019ensemble cr\u00e9e ainsi que les valeurs de chaque \u00e9l\u00e9ment qui le constitue\u00bb.<br \/><em>M.A.B.<\/em><\/p>\n<\/div>\n<\/div>\n<\/div>\n<\/div>\n<div class=\"eco-conseil\">\n<div class=\"view view-eco-conseil-16 view-id-eco_conseil_16 view-display-id-cookies view-dom-id-6adb7b36d8b6e0683131f95333f0b096\">\n<div class=\"view-content\">\n<div id=\"views-bootstrap-grid-1\" class=\"views-bootstrap-grid-plugin-style\">\n<div class=\"row\">\n<div class=\" col-xs-12 col-lg-4\">\n<div class=\"row\">\n<div class=\"col col-xs-12 col-lg-12\">\n<div class=\"field-content\"><a href=\"\/article\/1064881-ecole-version-e-learning-de-tous-les-cours-pour-la-rentree\"><img loading=\"lazy\" decoding=\"async\" class=\"img-responsive\" typeof=\"foaf:Image\" src=\"https:\/\/www.leconomiste.com\/sites\/default\/files\/eco7\/public\/styles\/800x400\/public\/default_images\/default_une.jpg?itok=4jZlgnIZ\" width=\"660\" height=\"330\" alt=\"\"\/><\/a><\/div>\n<\/div>\n<div class=\" title_suite_2 col col-xs-12 col-lg-12\"> <a href=\"\/article\/1064881-ecole-version-e-learning-de-tous-les-cours-pour-la-rentree\"\/><span class=\"field-content\">Ecole: Version e-learning de tous les cours pour la rentr\u00e9e<\/span><\/div>\n<\/div>\n<\/div>\n<div class=\" col-xs-12 col-lg-4\">\n<div class=\"row\">\n<div class=\"col col-xs-12 col-lg-12\">\n<div class=\"field-content\"><a href=\"\/article\/1064880-migration-internationale-le-rapport-final-en-ligne\"><img loading=\"lazy\" decoding=\"async\" class=\"img-responsive\" typeof=\"foaf:Image\" src=\"https:\/\/www.leconomiste.com\/sites\/default\/files\/eco7\/public\/styles\/800x400\/public\/default_images\/default_une.jpg?itok=4jZlgnIZ\" width=\"660\" height=\"330\" alt=\"\"\/><\/a><\/div>\n<\/div>\n<div class=\" title_suite_2 col col-xs-12 col-lg-12\"> <a href=\"\/article\/1064880-migration-internationale-le-rapport-final-en-ligne\"\/><span class=\"field-content\">Migration internationale: Le rapport final en ligne<\/span><\/div>\n<\/div>\n<\/div>\n<div class=\" col-xs-12 col-lg-4\">\n<div class=\"row\">\n<div class=\"col col-xs-12 col-lg-12\">\n<div class=\"field-content\"><a href=\"\/article\/1064878-psa-le-doublement-des-capacites-de-production-des-septembre-kenitra\"><img loading=\"lazy\" decoding=\"async\" class=\"img-responsive\" typeof=\"foaf:Image\" src=\"https:\/\/www.leconomiste.com\/sites\/default\/files\/eco7\/public\/styles\/800x400\/public\/default_images\/default_une.jpg?itok=4jZlgnIZ\" width=\"660\" height=\"330\" alt=\"\"\/><\/a><\/div>\n<\/div>\n<div class=\" title_suite_2 col col-xs-12 col-lg-12\"> <a href=\"\/article\/1064878-psa-le-doublement-des-capacites-de-production-des-septembre-kenitra\"\/><span class=\"field-content\">PSA: le doublement des capacit\u00e9s de production d\u00e8s septembre \u00e0 K\u00e9nitra<\/span><\/div>\n<\/div>\n<\/div>\n<\/div>\n<\/div>\n<\/div>\n<\/div>\n<\/div>\n<p>Auteur: hlafriqi<br \/>\n<a href=\"https:\/\/www.leconomiste.com\/article\/1064879-le-nom-du-groupe-issu-de-la-fusion-psa-fca-connu\">Cliquez ici pour lire l&rsquo;article depuis sa source.<\/a><\/p>\n","protected":false},"excerpt":{"rendered":"<p>Le nom du nouveau groupe qui sera issu de la fusion de FCA Group et PSA est d\u00e9sormais connu. Les deux groupes qui ne feront bient\u00f4t plus qu\u2019un se sont accord\u00e9s sur l\u2019appellation Stellantis. Ce non est issu du verbe latin \u00abstello\u00bb qui signifie \u00abbriller d&rsquo;\u00e9toiles\u00bb. Il s&rsquo;inspire \u00abde cet alignement nouveau et prometteur de [&hellip;]<\/p>\n","protected":false},"author":1763,"featured_media":0,"comment_status":"closed","ping_status":"closed","sticky":false,"template":"","format":"standard","meta":{"fifu_image_url":"","fifu_image_alt":"","footnotes":""},"categories":[78,54],"tags":[],"class_list":["post-92661","post","type-post","status-publish","format-standard","hentry","category-economie","category-maroc"],"_links":{"self":[{"href":"https:\/\/linitiative.ca\/International\/wp-json\/wp\/v2\/posts\/92661","targetHints":{"allow":["GET"]}}],"collection":[{"href":"https:\/\/linitiative.ca\/International\/wp-json\/wp\/v2\/posts"}],"about":[{"href":"https:\/\/linitiative.ca\/International\/wp-json\/wp\/v2\/types\/post"}],"author":[{"embeddable":true,"href":"https:\/\/linitiative.ca\/International\/wp-json\/wp\/v2\/users\/1763"}],"replies":[{"embeddable":true,"href":"https:\/\/linitiative.ca\/International\/wp-json\/wp\/v2\/comments?post=92661"}],"version-history":[{"count":0,"href":"https:\/\/linitiative.ca\/International\/wp-json\/wp\/v2\/posts\/92661\/revisions"}],"wp:attachment":[{"href":"https:\/\/linitiative.ca\/International\/wp-json\/wp\/v2\/media?parent=92661"}],"wp:term":[{"taxonomy":"category","embeddable":true,"href":"https:\/\/linitiative.ca\/International\/wp-json\/wp\/v2\/categories?post=92661"},{"taxonomy":"post_tag","embeddable":true,"href":"https:\/\/linitiative.ca\/International\/wp-json\/wp\/v2\/tags?post=92661"}],"curies":[{"name":"wp","href":"https:\/\/api.w.org\/{rel}","templated":true}]}}