{"id":92662,"date":"2020-07-17T09:43:41","date_gmt":"2020-07-17T13:43:41","guid":{"rendered":"https:\/\/linitiative.ca\/International\/migration-internationale-le-rapport-final-en-ligne\/"},"modified":"2020-07-17T09:43:41","modified_gmt":"2020-07-17T13:43:41","slug":"migration-internationale-le-rapport-final-en-ligne","status":"publish","type":"post","link":"https:\/\/linitiative.ca\/International\/migration-internationale-le-rapport-final-en-ligne\/","title":{"rendered":"Migration internationale: Le rapport final en ligne"},"content":{"rendered":"<div class=\"body\">\n<div class=\"field field-name-body field-type-text-with-summary field-label-hidden\">\n<div class=\"field-items\" readability=\"8.5\">\n<div class=\"field-item even\" property=\"content:encoded\" readability=\"12\">\n<p class=\"rtejustify\">Le HCP vient de mettre en ligne le rapport final des r\u00e9sultats de l\u2019enqu\u00eate sur la migration internationale. Le document peut \u00eatre gratuitement t\u00e9l\u00e9charg\u00e9 \u00e0 partir du site du Haut-commissariat. L\u2019enqu\u00eate s\u2019inscrit dans le cadre du programme d\u2019appui de l\u2019UE aux politiques migratoires du Royaume. Elle vise \u00e0 appr\u00e9hender les nouvelles tendances de la migration internationale, les comportements des migrants, les impacts sur le d\u00e9veloppement\u2026<br \/><em>H.E.<\/em><\/p>\n<\/div>\n<\/div>\n<\/div>\n<\/div>\n<div class=\"eco-conseil\">\n<div class=\"view view-eco-conseil-16 view-id-eco_conseil_16 view-display-id-cookies view-dom-id-067ef762ac68408917292d79b10f156c\">\n<div class=\"view-content\">\n<div id=\"views-bootstrap-grid-1\" class=\"views-bootstrap-grid-plugin-style\">\n<div class=\"row\">\n<div class=\" col-xs-12 col-lg-4\">\n<div class=\"row\">\n<div class=\"col col-xs-12 col-lg-12\">\n<div class=\"field-content\"><a href=\"\/article\/1064881-ecole-version-e-learning-de-tous-les-cours-pour-la-rentree\"><img loading=\"lazy\" decoding=\"async\" class=\"img-responsive\" typeof=\"foaf:Image\" src=\"https:\/\/www.leconomiste.com\/sites\/default\/files\/eco7\/public\/styles\/800x400\/public\/default_images\/default_une.jpg?itok=4jZlgnIZ\" width=\"660\" height=\"330\" alt=\"\"\/><\/a><\/div>\n<\/div>\n<div class=\" title_suite_2 col col-xs-12 col-lg-12\"> <a href=\"\/article\/1064881-ecole-version-e-learning-de-tous-les-cours-pour-la-rentree\"\/><span class=\"field-content\">Ecole: Version e-learning de tous les cours pour la rentr\u00e9e<\/span><\/div>\n<\/div>\n<\/div>\n<div class=\" col-xs-12 col-lg-4\">\n<div class=\"row\">\n<div class=\"col col-xs-12 col-lg-12\">\n<div class=\"field-content\"><a href=\"\/article\/1064879-le-nom-du-groupe-issu-de-la-fusion-psa-fca-connu\"><img loading=\"lazy\" decoding=\"async\" class=\"img-responsive\" typeof=\"foaf:Image\" src=\"https:\/\/www.leconomiste.com\/sites\/default\/files\/eco7\/public\/styles\/800x400\/public\/default_images\/default_une.jpg?itok=4jZlgnIZ\" width=\"660\" height=\"330\" alt=\"\"\/><\/a><\/div>\n<\/div>\n<div class=\" title_suite_2 col col-xs-12 col-lg-12\"> <a href=\"\/article\/1064879-le-nom-du-groupe-issu-de-la-fusion-psa-fca-connu\"\/><span class=\"field-content\">Le nom du groupe issu de la fusion PSA\/FCA connu<\/span><\/div>\n<\/div>\n<\/div>\n<div class=\" col-xs-12 col-lg-4\">\n<div class=\"row\">\n<div class=\"col col-xs-12 col-lg-12\">\n<div class=\"field-content\"><a href=\"\/article\/1064878-psa-le-doublement-des-capacites-de-production-des-septembre-kenitra\"><img loading=\"lazy\" decoding=\"async\" class=\"img-responsive\" typeof=\"foaf:Image\" src=\"https:\/\/www.leconomiste.com\/sites\/default\/files\/eco7\/public\/styles\/800x400\/public\/default_images\/default_une.jpg?itok=4jZlgnIZ\" width=\"660\" height=\"330\" alt=\"\"\/><\/a><\/div>\n<\/div>\n<div class=\" title_suite_2 col col-xs-12 col-lg-12\"> <a href=\"\/article\/1064878-psa-le-doublement-des-capacites-de-production-des-septembre-kenitra\"\/><span class=\"field-content\">PSA: le doublement des capacit\u00e9s de production d\u00e8s septembre \u00e0 K\u00e9nitra<\/span><\/div>\n<\/div>\n<\/div>\n<\/div>\n<\/div>\n<\/div>\n<\/div>\n<\/div>\n<p>Auteur: hlafriqi<br \/>\n<a href=\"https:\/\/www.leconomiste.com\/article\/1064880-migration-internationale-le-rapport-final-en-ligne\">Cliquez ici pour lire l&rsquo;article depuis sa source.<\/a><\/p>\n","protected":false},"excerpt":{"rendered":"<p>Le HCP vient de mettre en ligne le rapport final des r\u00e9sultats de l\u2019enqu\u00eate sur la migration internationale. Le document peut \u00eatre gratuitement t\u00e9l\u00e9charg\u00e9 \u00e0 partir du site du Haut-commissariat. L\u2019enqu\u00eate s\u2019inscrit dans le cadre du programme d\u2019appui de l\u2019UE aux politiques migratoires du Royaume. Elle vise \u00e0 appr\u00e9hender les nouvelles tendances de la migration [&hellip;]<\/p>\n","protected":false},"author":1763,"featured_media":0,"comment_status":"closed","ping_status":"closed","sticky":false,"template":"","format":"standard","meta":{"fifu_image_url":"","fifu_image_alt":"","footnotes":""},"categories":[78,54],"tags":[],"class_list":["post-92662","post","type-post","status-publish","format-standard","hentry","category-economie","category-maroc"],"_links":{"self":[{"href":"https:\/\/linitiative.ca\/International\/wp-json\/wp\/v2\/posts\/92662","targetHints":{"allow":["GET"]}}],"collection":[{"href":"https:\/\/linitiative.ca\/International\/wp-json\/wp\/v2\/posts"}],"about":[{"href":"https:\/\/linitiative.ca\/International\/wp-json\/wp\/v2\/types\/post"}],"author":[{"embeddable":true,"href":"https:\/\/linitiative.ca\/International\/wp-json\/wp\/v2\/users\/1763"}],"replies":[{"embeddable":true,"href":"https:\/\/linitiative.ca\/International\/wp-json\/wp\/v2\/comments?post=92662"}],"version-history":[{"count":0,"href":"https:\/\/linitiative.ca\/International\/wp-json\/wp\/v2\/posts\/92662\/revisions"}],"wp:attachment":[{"href":"https:\/\/linitiative.ca\/International\/wp-json\/wp\/v2\/media?parent=92662"}],"wp:term":[{"taxonomy":"category","embeddable":true,"href":"https:\/\/linitiative.ca\/International\/wp-json\/wp\/v2\/categories?post=92662"},{"taxonomy":"post_tag","embeddable":true,"href":"https:\/\/linitiative.ca\/International\/wp-json\/wp\/v2\/tags?post=92662"}],"curies":[{"name":"wp","href":"https:\/\/api.w.org\/{rel}","templated":true}]}}