{"id":92663,"date":"2020-07-17T09:44:41","date_gmt":"2020-07-17T13:44:41","guid":{"rendered":"https:\/\/linitiative.ca\/International\/ecole-version-e-learning-de-tous-les-cours-pour-la-rentree\/"},"modified":"2020-07-17T09:44:41","modified_gmt":"2020-07-17T13:44:41","slug":"ecole-version-e-learning-de-tous-les-cours-pour-la-rentree","status":"publish","type":"post","link":"https:\/\/linitiative.ca\/International\/ecole-version-e-learning-de-tous-les-cours-pour-la-rentree\/","title":{"rendered":"Ecole: Version e-learning de tous les cours pour la rentr\u00e9e"},"content":{"rendered":"<div class=\"author\" readability=\"5.6949152542373\"> Par <a href=\"\/content\/ahlam-nazih\"> Ahlam NAZIH<\/a> <a href=\"\/node\/\"> <\/a> | Edition N\u00b0:5806 Le 17\/07\/2020 | Partager <\/div>\n<div class=\"body\">\n<div class=\"field field-name-body field-type-text-with-summary field-label-hidden\">\n<div class=\"field-items\" readability=\"9\">\n<div class=\"field-item even\" property=\"content:encoded\" readability=\"13\">\n<p class=\"rtejustify\">La crise du Covid-19 aura au moins le m\u00e9rite d\u2019avoir donn\u00e9 un sacr\u00e9 coup d\u2019acc\u00e9l\u00e9rateur au e-learning. Pour pr\u00e9parer la prochaine ann\u00e9e scolaire, les acad\u00e9mies r\u00e9gionales de l\u2019\u00e9ducation et de la formation ont \u00e9t\u00e9 somm\u00e9es de produire des ressources audiovisuelles et num\u00e9riques couvrant tous les programmes du primaire-secondaire. L\u2019op\u00e9ration se d\u00e9roule durant cette deuxi\u00e8me moiti\u00e9 de juillet. Elle reprendra \u00e0 la derni\u00e8re semaine d\u2019ao\u00fbt. Des groupes de travail sp\u00e9cialis\u00e9s, form\u00e9s d\u2019enseignants supervis\u00e9s par des inspecteurs p\u00e9dagogiques, ont \u00e9t\u00e9 constitu\u00e9s.<br \/><em>A.Na <\/em><\/p>\n<\/div>\n<\/div>\n<\/div>\n<\/div>\n<div class=\"eco-conseil\">\n<div class=\"view view-eco-conseil-16 view-id-eco_conseil_16 view-display-id-cookies view-dom-id-b5fba37ae02250e3a47769439c664fb7\">\n<div class=\"view-content\">\n<div id=\"views-bootstrap-grid-1\" class=\"views-bootstrap-grid-plugin-style\">\n<div class=\"row\">\n<div class=\" col-xs-12 col-lg-4\">\n<div class=\"row\">\n<div class=\"col col-xs-12 col-lg-12\">\n<div class=\"field-content\"><a href=\"\/article\/1064880-migration-internationale-le-rapport-final-en-ligne\"><img loading=\"lazy\" decoding=\"async\" class=\"img-responsive\" typeof=\"foaf:Image\" src=\"https:\/\/www.leconomiste.com\/sites\/default\/files\/eco7\/public\/styles\/800x400\/public\/default_images\/default_une.jpg?itok=4jZlgnIZ\" width=\"660\" height=\"330\" alt=\"\"\/><\/a><\/div>\n<\/div>\n<div class=\" title_suite_2 col col-xs-12 col-lg-12\"> <a href=\"\/article\/1064880-migration-internationale-le-rapport-final-en-ligne\"\/><span class=\"field-content\">Migration internationale: Le rapport final en ligne<\/span><\/div>\n<\/div>\n<\/div>\n<div class=\" col-xs-12 col-lg-4\">\n<div class=\"row\">\n<div class=\"col col-xs-12 col-lg-12\">\n<div class=\"field-content\"><a href=\"\/article\/1064879-le-nom-du-groupe-issu-de-la-fusion-psa-fca-connu\"><img loading=\"lazy\" decoding=\"async\" class=\"img-responsive\" typeof=\"foaf:Image\" src=\"https:\/\/www.leconomiste.com\/sites\/default\/files\/eco7\/public\/styles\/800x400\/public\/default_images\/default_une.jpg?itok=4jZlgnIZ\" width=\"660\" height=\"330\" alt=\"\"\/><\/a><\/div>\n<\/div>\n<div class=\" title_suite_2 col col-xs-12 col-lg-12\"> <a href=\"\/article\/1064879-le-nom-du-groupe-issu-de-la-fusion-psa-fca-connu\"\/><span class=\"field-content\">Le nom du groupe issu de la fusion PSA\/FCA connu<\/span><\/div>\n<\/div>\n<\/div>\n<div class=\" col-xs-12 col-lg-4\">\n<div class=\"row\">\n<div class=\"col col-xs-12 col-lg-12\">\n<div class=\"field-content\"><a href=\"\/article\/1064878-psa-le-doublement-des-capacites-de-production-des-septembre-kenitra\"><img loading=\"lazy\" decoding=\"async\" class=\"img-responsive\" typeof=\"foaf:Image\" src=\"https:\/\/www.leconomiste.com\/sites\/default\/files\/eco7\/public\/styles\/800x400\/public\/default_images\/default_une.jpg?itok=4jZlgnIZ\" width=\"660\" height=\"330\" alt=\"\"\/><\/a><\/div>\n<\/div>\n<div class=\" title_suite_2 col col-xs-12 col-lg-12\"> <a href=\"\/article\/1064878-psa-le-doublement-des-capacites-de-production-des-septembre-kenitra\"\/><span class=\"field-content\">PSA: le doublement des capacit\u00e9s de production d\u00e8s septembre \u00e0 K\u00e9nitra<\/span><\/div>\n<\/div>\n<\/div>\n<\/div>\n<\/div>\n<\/div>\n<\/div>\n<\/div>\n<p>Auteur: hlafriqi<br \/>\n<a href=\"https:\/\/www.leconomiste.com\/article\/1064881-ecole-version-e-learning-de-tous-les-cours-pour-la-rentree\">Cliquez ici pour lire l&rsquo;article depuis sa source.<\/a><\/p>\n","protected":false},"excerpt":{"rendered":"<p>Par Ahlam NAZIH | Edition N\u00b0:5806 Le 17\/07\/2020 | Partager La crise du Covid-19 aura au moins le m\u00e9rite d\u2019avoir donn\u00e9 un sacr\u00e9 coup d\u2019acc\u00e9l\u00e9rateur au e-learning. Pour pr\u00e9parer la prochaine ann\u00e9e scolaire, les acad\u00e9mies r\u00e9gionales de l\u2019\u00e9ducation et de la formation ont \u00e9t\u00e9 somm\u00e9es de produire des ressources audiovisuelles et num\u00e9riques couvrant tous les [&hellip;]<\/p>\n","protected":false},"author":1763,"featured_media":0,"comment_status":"closed","ping_status":"closed","sticky":false,"template":"","format":"standard","meta":{"fifu_image_url":"","fifu_image_alt":"","footnotes":""},"categories":[78,54],"tags":[],"class_list":["post-92663","post","type-post","status-publish","format-standard","hentry","category-economie","category-maroc"],"_links":{"self":[{"href":"https:\/\/linitiative.ca\/International\/wp-json\/wp\/v2\/posts\/92663","targetHints":{"allow":["GET"]}}],"collection":[{"href":"https:\/\/linitiative.ca\/International\/wp-json\/wp\/v2\/posts"}],"about":[{"href":"https:\/\/linitiative.ca\/International\/wp-json\/wp\/v2\/types\/post"}],"author":[{"embeddable":true,"href":"https:\/\/linitiative.ca\/International\/wp-json\/wp\/v2\/users\/1763"}],"replies":[{"embeddable":true,"href":"https:\/\/linitiative.ca\/International\/wp-json\/wp\/v2\/comments?post=92663"}],"version-history":[{"count":0,"href":"https:\/\/linitiative.ca\/International\/wp-json\/wp\/v2\/posts\/92663\/revisions"}],"wp:attachment":[{"href":"https:\/\/linitiative.ca\/International\/wp-json\/wp\/v2\/media?parent=92663"}],"wp:term":[{"taxonomy":"category","embeddable":true,"href":"https:\/\/linitiative.ca\/International\/wp-json\/wp\/v2\/categories?post=92663"},{"taxonomy":"post_tag","embeddable":true,"href":"https:\/\/linitiative.ca\/International\/wp-json\/wp\/v2\/tags?post=92663"}],"curies":[{"name":"wp","href":"https:\/\/api.w.org\/{rel}","templated":true}]}}