{"id":92677,"date":"2020-07-17T08:59:08","date_gmt":"2020-07-17T12:59:08","guid":{"rendered":"https:\/\/linitiative.ca\/International\/107530-covid-19-zetchi-il-est-difficile-de-reprendre-le-championnat-de-football\/"},"modified":"2020-07-17T08:59:08","modified_gmt":"2020-07-17T12:59:08","slug":"107530-covid-19-zetchi-il-est-difficile-de-reprendre-le-championnat-de-football","status":"publish","type":"post","link":"https:\/\/linitiative.ca\/International\/107530-covid-19-zetchi-il-est-difficile-de-reprendre-le-championnat-de-football\/","title":{"rendered":"Covid-19\/ Zetchi: Il est difficile de reprendre le championnat\u00a0de football"},"content":{"rendered":"<div readability=\"38\">\n<p><strong>ALGER &#8211; Le pr\u00e9sident de la f\u00e9d\u00e9ration alg\u00e9rienne de football (FAF) Kheireddine Zetchi, a admis vendredi la difficult\u00e9 de reprendre les diff\u00e9rents championnats, suspendus depuis mars dernier en raison de la pand\u00e9mie de nouveau coronavirus (Covid-19), tout en d\u00e9fendant la r\u00e9cente d\u00e9cision du Bureau f\u00e9d\u00e9ral de recourir \u00e0 une Assembl\u00e9e g\u00e9n\u00e9rale extraordinaire (AGEx) pour se prononcer sur l&rsquo;avenir de la saison 2019-2020.<\/strong><\/p>\n<\/div>\n<div readability=\"117\">\n<p>\u00ab\u00a0Le reprise sera difficile. La situation sanitaire est en train de prendre de l&rsquo;ampleur. On ne peut pas maintenir une d\u00e9cision prise des mois plus t\u00f4t. Nous sommes au mois de juillet, je pense que le contexte actuel et les donn\u00e9es ne sont plus les m\u00eames, contrairement \u00e0 ce qui avait \u00e9t\u00e9 le cas en mai. L&rsquo;arr\u00eat d\u00e9finitif du championnat doit \u00eatre bien \u00e9tudi\u00e9 sur tous les plans.<\/p>\n<blockquote readability=\"9\">\n<p><em><strong>Les propositions consistent \u00e0 trouver la bonne formule pour arr\u00eater le championnat. La responsabilit\u00e9 sera collective, et ne concerne pas uniquement la FAF\u00a0\u00bb, a-t-il indiqu\u00e9 sur les ondes de la radio nationale.<\/strong><\/em><\/p>\n<\/blockquote>\n<p>R\u00e9unis mercredi dernier au niveau du si\u00e8ge de la FAF \u00e0 Dely-Ibrahim (Alger), les membres du Bureau f\u00e9d\u00e9ral ont discut\u00e9 de trois propositions qui seront soumises \u00e0 l&rsquo;assembl\u00e9e g\u00e9n\u00e9rale dans le cas o\u00f9 cette derni\u00e8re viendrait \u00e0 valider l&rsquo;arr\u00eat d\u00e9finitif de la comp\u00e9tition.<\/p>\n<blockquote readability=\"15\">\n<p><em><strong>\u00ab\u00a0D&rsquo;abord, les membres de l&rsquo;AG devront se prononcer sur l&rsquo;arr\u00eat ou la poursuite du championnat. Dans le cas o\u00f9 la suspension d\u00e9finitive de la comp\u00e9tition sera approuv\u00e9e, il y aura trois propositions qui seront soumises : saison blanche,\u00a0 figer le classement \u00e0 la derni\u00e8re journ\u00e9e pour tous les paliers et consacrer les champions promus et rel\u00e9gu\u00e9s, alors que la troisi\u00e8me consiste \u00e0 d\u00e9signer les champions et les promus, mais pas de rel\u00e9gu\u00e9s\u00a0\u00bb, a-t-il ajout\u00e9, soulignant que \u00ab\u00a0la d\u00e9cision prise de convoquer une AGEx correspond \u00e0 la situation exceptionnelle que nous vivons\u00a0\u00bb.<\/strong><\/em><\/p>\n<\/blockquote>\n<p>Avant de poursuivre : \u00ab\u00a0L&rsquo;article 82 des statuts permet au BF de mettre un terme au championnat, mais par souci de consultation d\u00e9mocratique, nous avons pr\u00e9f\u00e9r\u00e9 mettre la balle dans le camp de l&rsquo;assembl\u00e9e g\u00e9n\u00e9rale qui reste souveraine.<\/p>\n<p>Notre objectif est d&rsquo;impliquer tous les acteurs du football alg\u00e9rien. Si nous avons pris la d\u00e9cision au niveau du Bureau f\u00e9d\u00e9ral, nous serons pas \u00e9pargn\u00e9s par les critiques\u00a0\u00bb.<\/p>\n<p><strong>La consultation \u00e9crite, l&rsquo;option privil\u00e9gi\u00e9e<\/strong><\/p>\n<p>S&rsquo;agissant de la mani\u00e8re que compte adopter la FAF pour organiser l&rsquo;AGEx, en pleine pand\u00e9mie du Covid-19, le pr\u00e9sident de la FAF a expliqu\u00e9 que son instance a d\u00e9j\u00e0 saisi le minist\u00e8re de la jeunesse et des sports (MJS), mais \u00e9galement la F\u00e9d\u00e9ration internationale (Fifa).<\/p>\n<blockquote readability=\"11\">\n<p><em><strong>\u00ab\u00a0Nous avons saisi le MJS pour nous donner son accord afin d&rsquo;organiser cette AGEx en pr\u00e9sence des membres. Mais, cette option \u00e7a sera difficile \u00e0 r\u00e9aliser au vu de la\u00a0Concernant la date du d\u00e9roulement de cette AGEx, Kheireddine Zetchi table sur une organisation \u00ab\u00a0avant l&rsquo;A\u00efd Al-Adha\u00a0 (31 juillet, ndlr).<\/strong><\/em><\/p>\n<\/blockquote>\n<p>Nous souhaitons \u00eatre fix\u00e9s d\u00e9finitivement sur le sort r\u00e9serv\u00e9 \u00e0 cette saison\u00a0\u00bb.<\/p>\n<p>Zetchi a tenu \u00e0 lever le voile sur l&rsquo;article 29 des statuts, relatif \u00e0 la convocation d&rsquo;une AGEx. Point d&rsquo;AGEx pour les comp\u00e9titions dans les statuts de la f\u00e9d\u00e9ration.<\/p>\n<blockquote readability=\"13\">\n<p><em><strong>\u00ab\u00a0Nous sommes dans une situation exceptionnelle. L&rsquo;article 29 ne limite pas \u00e0 trois (changement du si\u00e8ge de la FAF, changement des statuts, et dissolution de la FAF, ndlr) les points abord\u00e9s lors d&rsquo;une AGEx. Imaginons qu&rsquo;une AG ordinaire s&rsquo;est d\u00e9roul\u00e9e en mars, et un impr\u00e9vu s&rsquo;est d\u00e9roul\u00e9 un mois plus tard, dans ce cas de figure ne nous pouvons pas attendre une ann\u00e9e pour essayer de trouver une solution !\u00a0\u00bb.<\/strong><\/em><\/p>\n<\/blockquote>\n<p>Zetchi souhaite avoir plus de visibilit\u00e9 d&rsquo;ici \u00ab\u00a0\u00e0 la semaine prochaine\u00a0\u00bb : \u00ab\u00a0Une fois que l&rsquo;assembl\u00e9e g\u00e9n\u00e9rale se prononce sur la saison actuelle.<\/p>\n<p>Nous allons suivre avec attention la situation sanitaire, tout en ouvrant en m\u00eame temps le mercato d&rsquo;\u00e9t\u00e9 pour une dur\u00e9e de 12 semaines, pour permette aux clubs de faire leur march\u00e9. J&rsquo;appelle aussi les clubs \u00e0 investir dans le protocole sanitaire, qui sera appliqu\u00e9 en vue de la saison prochaine\u00a0\u00bb.<\/p>\n<p>Enfin, le pr\u00e9sident de la FAF a \u00e9cart\u00e9 toute animosit\u00e9 avec le CR Belouizdad, actuel leader de la Ligue 1.<\/p>\n<blockquote readability=\"13\">\n<p><em><strong>\u00ab\u00a0Le CRB avait domin\u00e9 le championnat depuis le d\u00e9but de la saison. La gestion du club s&rsquo;est nettement am\u00e9lior\u00e9e. Mais, je n&rsquo;admets pas ceux qui veulent semer la zizanie. Je suis contre la \u00ab\u00a0Fitna\u00a0\u00bb. Le CRB est un grand club, que nous respectons. Je demande \u00e0 Taoufik Korichi (directeur du p\u00f4le comp\u00e9titif du CRB, ndlr), \u00e0 plus de sagesse dans ses propos. Si l&rsquo;AG d\u00e9cide de d\u00e9cerner le titre au CRB, nous allons lui offrir le troph\u00e9e avec grand plaisir\u00a0\u00bb.<\/strong><\/em><\/p>\n<\/blockquote>\n<p>Pour rappel, le BF de la FAF a maintenu \u00e0 deux reprises sa d\u00e9cision prise le 30 avril pour la poursuite de la saison 2019-2020, tout en pr\u00e9cisant que seuls les pouvoirs publics sont habilit\u00e9s \u00e0 d\u00e9cider d&rsquo;un \u00e9ventuel retour aux activit\u00e9s sportives et footballistiques.<\/p>\n<p>Mais jeudi 9 juillet, le minist\u00e8re de la Jeunesse et des Sports a annonc\u00e9 ne pas autoriser \u00ab\u00a0pour le moment\u00a0\u00bb la reprise des comp\u00e9titions.<\/p>\n<\/div>\n<p>Auteur:<br \/>\n<a href=\"http:\/\/www.aps.dz\/sport\/107530-covid-19-zetchi-il-est-difficile-de-reprendre-le-championnat-de-football?utm_source=feedburner&#038;utm_medium=feed&#038;utm_campaign=Feed%3A+aps-sport+%28APS+-+SPORT%29\">Cliquez ici pour lire l&rsquo;article depuis sa source.<\/a><\/p>\n","protected":false},"excerpt":{"rendered":"<p>ALGER &#8211; Le pr\u00e9sident de la f\u00e9d\u00e9ration alg\u00e9rienne de football (FAF) Kheireddine Zetchi, a admis vendredi la difficult\u00e9 de reprendre les diff\u00e9rents championnats, suspendus depuis mars dernier en raison de la pand\u00e9mie de nouveau coronavirus (Covid-19), tout en d\u00e9fendant la r\u00e9cente d\u00e9cision du Bureau f\u00e9d\u00e9ral de recourir \u00e0 une Assembl\u00e9e g\u00e9n\u00e9rale extraordinaire (AGEx) pour se [&hellip;]<\/p>\n","protected":false},"author":1790,"featured_media":0,"comment_status":"closed","ping_status":"closed","sticky":false,"template":"","format":"standard","meta":{"fifu_image_url":"","fifu_image_alt":"","footnotes":""},"categories":[53,75],"tags":[],"class_list":["post-92677","post","type-post","status-publish","format-standard","hentry","category-algerie","category-sport"],"_links":{"self":[{"href":"https:\/\/linitiative.ca\/International\/wp-json\/wp\/v2\/posts\/92677","targetHints":{"allow":["GET"]}}],"collection":[{"href":"https:\/\/linitiative.ca\/International\/wp-json\/wp\/v2\/posts"}],"about":[{"href":"https:\/\/linitiative.ca\/International\/wp-json\/wp\/v2\/types\/post"}],"author":[{"embeddable":true,"href":"https:\/\/linitiative.ca\/International\/wp-json\/wp\/v2\/users\/1790"}],"replies":[{"embeddable":true,"href":"https:\/\/linitiative.ca\/International\/wp-json\/wp\/v2\/comments?post=92677"}],"version-history":[{"count":0,"href":"https:\/\/linitiative.ca\/International\/wp-json\/wp\/v2\/posts\/92677\/revisions"}],"wp:attachment":[{"href":"https:\/\/linitiative.ca\/International\/wp-json\/wp\/v2\/media?parent=92677"}],"wp:term":[{"taxonomy":"category","embeddable":true,"href":"https:\/\/linitiative.ca\/International\/wp-json\/wp\/v2\/categories?post=92677"},{"taxonomy":"post_tag","embeddable":true,"href":"https:\/\/linitiative.ca\/International\/wp-json\/wp\/v2\/tags?post=92677"}],"curies":[{"name":"wp","href":"https:\/\/api.w.org\/{rel}","templated":true}]}}