{"id":92679,"date":"2020-07-17T12:52:14","date_gmt":"2020-07-17T16:52:14","guid":{"rendered":"https:\/\/linitiative.ca\/International\/107542-foot-algerie-professionnalisme-nous-avons-propose-au-mjs-des-solutions\/"},"modified":"2020-07-17T12:52:14","modified_gmt":"2020-07-17T16:52:14","slug":"107542-foot-algerie-professionnalisme-nous-avons-propose-au-mjs-des-solutions","status":"publish","type":"post","link":"https:\/\/linitiative.ca\/International\/107542-foot-algerie-professionnalisme-nous-avons-propose-au-mjs-des-solutions\/","title":{"rendered":"Foot \/ Alg\u00e9rie (professionnalisme) : \u00ab\u00a0Nous avons propos\u00e9 au MJS des solutions\u00a0\u00bb\u00a0"},"content":{"rendered":"<div readability=\"36\">\n<p><strong>ALGER- Le pr\u00e9sident de la F\u00e9d\u00e9ration alg\u00e9rienne de football (FAF) Kheireddine Zetchi, a indiqu\u00e9 vendredi avoir propos\u00e9 des solutions pour relancer le professionnalisme, dans un rapport \u00e9tabli sur demande du minist\u00e8re de la Jeunesse et des Sports (MJS).<\/strong><\/p>\n<\/div>\n<div readability=\"77.5\">\n<p>\u00ab\u00a0Nous avons transmis un rapport d\u00e9taill\u00e9 sur l&rsquo;\u00e9tat des lieux du professionnalisme depuis son av\u00e8nement. Nous avons propos\u00e9 des solutions.<\/p>\n<blockquote readability=\"11\">\n<p><em><strong>D&rsquo;ailleurs, j&rsquo;ai d\u00e9j\u00e0 discut\u00e9 avec le ministre (Sid Ali Khaldi, ndlr) sur ce sujet. La DCGF (Direction de contr\u00f4le de gestion et des finances, ndlr) a d\u00e9voil\u00e9 des chiffres qui refl\u00e8tent la triste r\u00e9alit\u00e9\u00a0\u00bb, a-t-il d\u00e9clar\u00e9 sur les ondes de la radio nationale.<\/strong><\/em><\/p>\n<\/blockquote>\n<p>La FAF a fait le point sur le professionnalisme, dans un rapport \u00e9tabli sur demande du MJS. Le d\u00e9partement minist\u00e9riel veut avoir plus de visibilit\u00e9 sur le professionnalisme instaur\u00e9 en 2010.<\/p>\n<blockquote readability=\"10\">\n<p><em><strong>Le pr\u00e9sident de la DCGF de la FAF, R\u00e9da Abdouche, a avanc\u00e9 le chiffre faramineux de 1.000 milliards de centimes de d\u00e9ficit cumul\u00e9 pour les clubs de la Ligue 1 professionnelle, dans le cadre des examens effectu\u00e9s par cette structure depuis son installation en octobre 2019.<\/strong><\/em><\/p>\n<\/blockquote>\n<p>Zetchi s&rsquo;est dit \u00ab\u00a0surpris\u00a0\u00bb par l&rsquo;attitude de l&rsquo;ES S\u00e9tif, qui a refus\u00e9 de signer la convention tripartite, liant le club avec un cabinet d\u2019expertise, et la DCGF, une d\u00e9marche qui s&rsquo;inscrit dans le cadre de la mise en oeuvre des mesures d\u00e9cid\u00e9es par la FAF, au titre de l&rsquo;accompagnement des clubs professionnels pour l&rsquo;obtention d\u2019une certification de la norme ISO 9001.<\/p>\n<p>\u00ab\u00a0Je suis surpris par l&rsquo;attitude l&rsquo;ESS\u00a0 alors que sa situation financi\u00e8re est difficile. Les d\u00e9clarations faites par Azzedine Arab (pr\u00e9sident du Conseil d&rsquo;administration, ndlr) sont insens\u00e9es. La FAF a d\u00e9cid\u00e9<\/p>\n<p>d&rsquo;accompagner les clubs sur le plan du management. La solution n&rsquo;est pas d&rsquo;octroyer ou de r\u00e9clamer de l&rsquo;argent seulement\u00a0\u00bb, a-t-il soulign\u00e9.<\/p>\n<blockquote readability=\"11\">\n<p><em><strong>Depuis son instauration en 2010, sous Mohamed Raouraoua, ancien pr\u00e9sident de la FAF, le mode du professionnalisme a \u00e9t\u00e9 beaucoup d\u00e9cri\u00e9, certains responsables de club ayant \u00e9voqu\u00e9 une \u00ab\u00a0pr\u00e9cipitation\u00a0\u00bb dans son lancement.<\/strong><\/em><\/p>\n<\/blockquote>\n<p>Pas plus tard que lundi, la FAF a annonc\u00e9 qu&rsquo;elle avait recens\u00e9 23 clubs professionnels (sur 32) concern\u00e9s par les dettes : 7 de Ligue 1 (soit 44 %) et 16 de Ligue 2 (soit 100%).<\/p>\n<p>Quatorze clubs professionnels, dont trois issus de la Ligue 1, sont interdits de recrutement en vue de la saison 2020-2021, souligne la FAF dans un communiqu\u00e9.<\/p>\n<\/div>\n<p>Auteur:<br \/>\n<a href=\"http:\/\/www.aps.dz\/sport\/107542-foot-algerie-professionnalisme-nous-avons-propose-au-mjs-des-solutions?utm_source=feedburner&#038;utm_medium=feed&#038;utm_campaign=Feed%3A+aps-sport+%28APS+-+SPORT%29\">Cliquez ici pour lire l&rsquo;article depuis sa source.<\/a><\/p>\n","protected":false},"excerpt":{"rendered":"<p>ALGER- Le pr\u00e9sident de la F\u00e9d\u00e9ration alg\u00e9rienne de football (FAF) Kheireddine Zetchi, a indiqu\u00e9 vendredi avoir propos\u00e9 des solutions pour relancer le professionnalisme, dans un rapport \u00e9tabli sur demande du minist\u00e8re de la Jeunesse et des Sports (MJS). \u00ab\u00a0Nous avons transmis un rapport d\u00e9taill\u00e9 sur l&rsquo;\u00e9tat des lieux du professionnalisme depuis son av\u00e8nement. Nous avons [&hellip;]<\/p>\n","protected":false},"author":1790,"featured_media":0,"comment_status":"closed","ping_status":"closed","sticky":false,"template":"","format":"standard","meta":{"fifu_image_url":"","fifu_image_alt":"","footnotes":""},"categories":[53,75],"tags":[],"class_list":["post-92679","post","type-post","status-publish","format-standard","hentry","category-algerie","category-sport"],"_links":{"self":[{"href":"https:\/\/linitiative.ca\/International\/wp-json\/wp\/v2\/posts\/92679","targetHints":{"allow":["GET"]}}],"collection":[{"href":"https:\/\/linitiative.ca\/International\/wp-json\/wp\/v2\/posts"}],"about":[{"href":"https:\/\/linitiative.ca\/International\/wp-json\/wp\/v2\/types\/post"}],"author":[{"embeddable":true,"href":"https:\/\/linitiative.ca\/International\/wp-json\/wp\/v2\/users\/1790"}],"replies":[{"embeddable":true,"href":"https:\/\/linitiative.ca\/International\/wp-json\/wp\/v2\/comments?post=92679"}],"version-history":[{"count":0,"href":"https:\/\/linitiative.ca\/International\/wp-json\/wp\/v2\/posts\/92679\/revisions"}],"wp:attachment":[{"href":"https:\/\/linitiative.ca\/International\/wp-json\/wp\/v2\/media?parent=92679"}],"wp:term":[{"taxonomy":"category","embeddable":true,"href":"https:\/\/linitiative.ca\/International\/wp-json\/wp\/v2\/categories?post=92679"},{"taxonomy":"post_tag","embeddable":true,"href":"https:\/\/linitiative.ca\/International\/wp-json\/wp\/v2\/tags?post=92679"}],"curies":[{"name":"wp","href":"https:\/\/api.w.org\/{rel}","templated":true}]}}