{"id":92690,"date":"2020-07-17T06:11:00","date_gmt":"2020-07-17T10:11:00","guid":{"rendered":"https:\/\/linitiative.ca\/International\/mourad-daoud-serions-nous-la-1e-generation-qui-aura-renonce-a-lindependance\/"},"modified":"2020-07-17T06:11:00","modified_gmt":"2020-07-17T10:11:00","slug":"mourad-daoud-serions-nous-la-1e-generation-qui-aura-renonce-a-lindependance","status":"publish","type":"post","link":"https:\/\/linitiative.ca\/International\/mourad-daoud-serions-nous-la-1e-generation-qui-aura-renonce-a-lindependance\/","title":{"rendered":"Mourad Daoud: serions-nous  la 1e g\u00e9n\u00e9ration qui aura renonc\u00e9 \u00e0 l\u2019ind\u00e9pendance"},"content":{"rendered":"<p><em><span class=\"c2\"><strong>Par Mourad Daoud &#8211;<\/strong><\/span><\/em> J\u2019aime \u00e0 lire M. Radhi Meddeb. Non pas pour ses tournures de phrases et ses figures de style mais pour la perspicacit\u00e9 et la clairvoyance de son propos. Quand il d\u00e9gaine sa plume, il faut le lire \u00e0 deux fois. Et son article paru dans le dernier num\u00e9ro de La Revue (n\u00b089 juin-juillet-ao\u00fbt 2020) m\u00e9riterait d\u2019\u00eatre lu par chaque tunisien en \u00e2ge.<\/p>\n<p>Intitul\u00e9 \u00ab Tunisie. Sous le poids \u00e9crasant de la dette \u00bb, les chiffres qu\u2019il y \u00e9num\u00e8re font peur. De 2010 \u00e0 2018, en pourcentage du PIB, l\u2019endettement ext\u00e9rieur est pass\u00e9 de 49% \u00e0 97%, l\u2019investissement ext\u00e9rieur de 24% \u00e0 6% et l\u2019\u00e9pargne a d\u00e9gringol\u00e9 \u00e0 3% avec une composante priv\u00e9e nulle.<\/p>\n<p>M. Meddeb rappelle le traumatisme impr\u00e9gn\u00e9 dans la m\u00e9moire collective tunisienne apr\u00e8s l\u2019instauration du protectorat fran\u00e7ais fin du 19\u00e8me si\u00e8cle quand le Beylicat ne parvenait plus \u00e0 rembourser la dette ext\u00e9rieure contract\u00e9e \u00e0 des conditions outranci\u00e8res et vainement v\u00e9nalement dilapid\u00e9e. C\u2019est une histoire cynique et insidieuse qui semble se reproduire de nos jours : la Tunisie s\u2019endette avec gourmandise mais l\u2019endettement nouveau ne couvrirait m\u00eame pas le service de la dette. Il faudrait alors s\u00fbrement augmenter les imp\u00f4ts, imposer une aust\u00e9rit\u00e9 financi\u00e8re et s\u2019endetter encore plus. Ce ne sera m\u00eame pas un choix, le Fonds mon\u00e9taire international finira par l\u2019imposer et la Tunisie ne sera plus ma\u00eetre de son destin. L\u2019emploi du futur et non du conditionnel est \u00e0 propos.<\/p>\n<p>Pendant que la basse cour faisant foi d\u2019assembl\u00e9e nationale se querelle, le pays vit certainement ses derniers mois de souverainet\u00e9. En 10 ans de libert\u00e9, nous avons surtout collectionn\u00e9 gr\u00e8ves et sit-in, alourdi les charges du fonctionnariat et laiss\u00e9 prolif\u00e9rer les mafias. Et ce n\u2019est pas un alarmisme aveugle, l\u2019exemple libanais ne pr\u00e9sage rien de bon. La Livre a perdu en quelques mois 70% de sa valeur, un Libanais sur trois est au ch\u00f4mage et un sur deux vit sous le seuil de la pauvret\u00e9. Il parait que les \u00e9piceries rationnaient la vente des produits non pas par p\u00e9nurie mais parce que le prix augmentait chaque jour et il \u00e9tait toujours plus int\u00e9ressant d\u2019attendre le lendemain pour vendre.<\/p>\n<p>Est-ce vraiment l\u2019avenir proche qu\u2019on souhaite \u00e0 notre bien-aim\u00e9e Tunisie ? Est-on pr\u00eats \u00e0 \u00eatre la g\u00e9n\u00e9ration qui aura renonc\u00e9 \u00e0 l\u2019ind\u00e9pendance ? Est-ce un pays hypoth\u00e9qu\u00e9 qu\u2019on voudrait l\u00e9guer aux prochaines g\u00e9n\u00e9rations ?<\/p>\n<p>Ne serait-ce pas l\u00e0 un triste exploit de d\u00e9cevoir \u00e0 la fois grands-parents et enfants !<\/p>\n<p class=\"c3\"><strong>Mourad Daoud<\/strong><\/p>\n<p>\u00a0<br \/>\u00a0<\/p>\n<p>Auteur:<br \/>\n<a href=\"https:\/\/www.leaders.com.tn\/article\/30280-mourad-daoud-serions-nous-la-1e-generation-qui-aura-renonce-a-l-independance\">Cliquez ici pour lire l&rsquo;article depuis sa source.<\/a><\/p>\n","protected":false},"excerpt":{"rendered":"<p>Par Mourad Daoud &#8211; J\u2019aime \u00e0 lire M. Radhi Meddeb. Non pas pour ses tournures de phrases et ses figures de style mais pour la perspicacit\u00e9 et la clairvoyance de son propos. Quand il d\u00e9gaine sa plume, il faut le lire \u00e0 deux fois. Et son article paru dans le dernier num\u00e9ro de La Revue [&hellip;]<\/p>\n","protected":false},"author":1772,"featured_media":0,"comment_status":"closed","ping_status":"closed","sticky":false,"template":"","format":"standard","meta":{"fifu_image_url":"","fifu_image_alt":"","footnotes":""},"categories":[73,55],"tags":[],"class_list":["post-92690","post","type-post","status-publish","format-standard","hentry","category-actualite","category-tunisie"],"_links":{"self":[{"href":"https:\/\/linitiative.ca\/International\/wp-json\/wp\/v2\/posts\/92690","targetHints":{"allow":["GET"]}}],"collection":[{"href":"https:\/\/linitiative.ca\/International\/wp-json\/wp\/v2\/posts"}],"about":[{"href":"https:\/\/linitiative.ca\/International\/wp-json\/wp\/v2\/types\/post"}],"author":[{"embeddable":true,"href":"https:\/\/linitiative.ca\/International\/wp-json\/wp\/v2\/users\/1772"}],"replies":[{"embeddable":true,"href":"https:\/\/linitiative.ca\/International\/wp-json\/wp\/v2\/comments?post=92690"}],"version-history":[{"count":0,"href":"https:\/\/linitiative.ca\/International\/wp-json\/wp\/v2\/posts\/92690\/revisions"}],"wp:attachment":[{"href":"https:\/\/linitiative.ca\/International\/wp-json\/wp\/v2\/media?parent=92690"}],"wp:term":[{"taxonomy":"category","embeddable":true,"href":"https:\/\/linitiative.ca\/International\/wp-json\/wp\/v2\/categories?post=92690"},{"taxonomy":"post_tag","embeddable":true,"href":"https:\/\/linitiative.ca\/International\/wp-json\/wp\/v2\/tags?post=92690"}],"curies":[{"name":"wp","href":"https:\/\/api.w.org\/{rel}","templated":true}]}}