{"id":92696,"date":"2020-07-17T14:03:31","date_gmt":"2020-07-17T18:03:31","guid":{"rendered":"https:\/\/linitiative.ca\/International\/tunisie-exclusif-confirmation-des-presomptions-de-conflit-dinteret-pour-elyes-fakhfekh\/"},"modified":"2020-07-17T14:03:31","modified_gmt":"2020-07-17T18:03:31","slug":"tunisie-exclusif-confirmation-des-presomptions-de-conflit-dinteret-pour-elyes-fakhfekh","status":"publish","type":"post","link":"https:\/\/linitiative.ca\/International\/tunisie-exclusif-confirmation-des-presomptions-de-conflit-dinteret-pour-elyes-fakhfekh\/","title":{"rendered":"Tunisie \u2013 EXCLUSIF : Confirmation des pr\u00e9somptions de conflit d\u2019int\u00e9r\u00eat pour Ely\u00e8s Fakhfekh"},"content":{"rendered":"<div class=\"post-cont-in left relative\">\n<p>Tunisienum\u00e9rique a obtenu <a href=\"file:\/\/\/C:\/Users\/user\/Downloads\/rapport.pdf\">une copie du rapport de la Commission sup\u00e9rieure du contr\u00f4le des services publics<\/a>, en rapport avec l\u2019enqu\u00eate sur la pr\u00e9sence d\u2019un conflit d\u2019int\u00e9r\u00eat dans les transactions entre les soci\u00e9t\u00e9s o\u00f9 le chef du gouvernement d\u00e9missionnaire poss\u00e9dait des actions et l\u2019agence nationale de gestion des d\u00e9chets.<\/p>\n<div class=\"code-block code-block-1 c3\"><ins class=\"adsbygoogle c2\" data-ad-layout=\"in-article\" data-ad-format=\"fluid\" data-ad-client=\"ca-pub-2102118777505746\" data-ad-slot=\"7301775417\"\/> <\/div>\n<p>Le rapport exhaustif de plus de 70 pages, a conclu \u00e0 la pr\u00e9sence de pr\u00e9somptions de conflit d\u2019int\u00e9r\u00eat du chef du gouvernement d\u00e9missionnaire, dans la mesure o\u00f9 certains march\u00e9s ont \u00e9t\u00e9 obtenus par les soci\u00e9t\u00e9s de Fakhfekh sans pour autant remplir toutes les conditions requises pour l\u2019acceptation des dossiers, ainsi que le fait que le responsable qui a valid\u00e9 les offres de ces soci\u00e9t\u00e9s ait \u00e9t\u00e9 promu, juste apr\u00e8s au poste de DG de l\u2019agence et du\u00a0 fait que la pr\u00e9sidence du gouvernement soit, \u00e0 un certain moment, intervenue au niveau du r\u00e8glement des situations de litige, \u00e0 l\u2019amiable.<\/p>\n<div class=\"swp_social_panel swp_horizontal_panel swp_flat_fresh swp_default_full_color swp_individual_full_color swp_other_full_color scale-100 scale-\" data-min-width=\"1100\" data-float-color=\"#ffffff\" data-float=\"bottom\" data-float-mobile=\"bottom\" data-transition=\"slide\">\n<div class=\"nc_tweetContainer swp_share_button total_shares total_sharesalt\"><span class=\"swp_count\">85 <span class=\"swp_label\">Partages<\/span><\/span><\/div>\n<\/div>\n<p><strong>Que se passe-t-il en Tunisie?<\/strong><br \/>Nous expliquons sur notre <a href=\"https:\/\/www.youtube.com\/channel\/UCRzypVq0B_yBad5eGrwBx0Q?sub_confirmation=1\" target=\"_blank\" rel=\"noopener noreferrer\">cha\u00eene YouTube<\/a> . <a href=\"https:\/\/www.youtube.com\/channel\/UCRzypVq0B_yBad5eGrwBx0Q?sub_confirmation=1\" target=\"_blank\" rel=\"noopener noreferrer\">Abonnez-vous!<\/a><\/p>\n<div class=\"mvp-org-wrap mvp-org-logo\" itemprop=\"publisher\" itemscope=\"\" itemtype=\"https:\/\/schema.org\/Organization\"><img decoding=\"async\" src=\"https:\/\/www.tunisienumerique.com\/wp-content\/uploads\/2017\/02\/logo_tunisie_numerique.png\"\/><\/div>\n<div class=\"mvp-related-posts left relative\">\n<h4 class=\"post-header\"><span class=\"post-header\">Lire aussi<\/span><\/h4>\n<\/div>\n<div id=\"article-ad\"><ins class=\"adsbygoogle c4\" data-ad-client=\"ca-pub-2102118777505746\" data-ad-slot=\"6513972734\" data-ad-format=\"auto\" data-full-width-responsive=\"true\"\/> <\/div>\n<\/div>\n<div id=\"post-sidebar-wrap\"><ins class=\"adsbygoogle c4\" data-ad-client=\"ca-pub-2102118777505746\" data-ad-slot=\"6168283410\" data-ad-format=\"auto\" data-full-width-responsive=\"true\"\/> <\/div>\n<p>Auteur: LM<br \/>\n<a href=\"https:\/\/www.tunisienumerique.com\/tunisie-exclusif-confirmation-des-presomptions-de-conflit-dinteret-pour-elyes-fakhfakh\/\">Cliquez ici pour lire l&rsquo;article depuis sa source.<\/a><\/p>\n","protected":false},"excerpt":{"rendered":"<p>Tunisienum\u00e9rique a obtenu une copie du rapport de la Commission sup\u00e9rieure du contr\u00f4le des services publics, en rapport avec l\u2019enqu\u00eate sur la pr\u00e9sence d\u2019un conflit d\u2019int\u00e9r\u00eat dans les transactions entre les soci\u00e9t\u00e9s o\u00f9 le chef du gouvernement d\u00e9missionnaire poss\u00e9dait des actions et l\u2019agence nationale de gestion des d\u00e9chets. Le rapport exhaustif de plus de 70 [&hellip;]<\/p>\n","protected":false},"author":1789,"featured_media":92697,"comment_status":"closed","ping_status":"closed","sticky":false,"template":"","format":"standard","meta":{"fifu_image_url":"","fifu_image_alt":"","footnotes":""},"categories":[73,55],"tags":[],"class_list":["post-92696","post","type-post","status-publish","format-standard","has-post-thumbnail","hentry","category-actualite","category-tunisie"],"_links":{"self":[{"href":"https:\/\/linitiative.ca\/International\/wp-json\/wp\/v2\/posts\/92696","targetHints":{"allow":["GET"]}}],"collection":[{"href":"https:\/\/linitiative.ca\/International\/wp-json\/wp\/v2\/posts"}],"about":[{"href":"https:\/\/linitiative.ca\/International\/wp-json\/wp\/v2\/types\/post"}],"author":[{"embeddable":true,"href":"https:\/\/linitiative.ca\/International\/wp-json\/wp\/v2\/users\/1789"}],"replies":[{"embeddable":true,"href":"https:\/\/linitiative.ca\/International\/wp-json\/wp\/v2\/comments?post=92696"}],"version-history":[{"count":0,"href":"https:\/\/linitiative.ca\/International\/wp-json\/wp\/v2\/posts\/92696\/revisions"}],"wp:featuredmedia":[{"embeddable":true,"href":"https:\/\/linitiative.ca\/International\/wp-json\/"}],"wp:attachment":[{"href":"https:\/\/linitiative.ca\/International\/wp-json\/wp\/v2\/media?parent=92696"}],"wp:term":[{"taxonomy":"category","embeddable":true,"href":"https:\/\/linitiative.ca\/International\/wp-json\/wp\/v2\/categories?post=92696"},{"taxonomy":"post_tag","embeddable":true,"href":"https:\/\/linitiative.ca\/International\/wp-json\/wp\/v2\/tags?post=92696"}],"curies":[{"name":"wp","href":"https:\/\/api.w.org\/{rel}","templated":true}]}}