{"id":92703,"date":"2020-07-17T14:55:59","date_gmt":"2020-07-17T18:55:59","guid":{"rendered":"https:\/\/linitiative.ca\/International\/ablasse-ouedraogo-a-roch-marc-christian-kabore\/"},"modified":"2020-07-17T14:55:59","modified_gmt":"2020-07-17T18:55:59","slug":"ablasse-ouedraogo-a-roch-marc-christian-kabore","status":"publish","type":"post","link":"https:\/\/linitiative.ca\/International\/ablasse-ouedraogo-a-roch-marc-christian-kabore\/","title":{"rendered":"ABLASSE OUEDRAOGO A ROCH MARC CHRISTIAN KABORE"},"content":{"rendered":"<div class=\"stream-item stream-item-above-post-content\">\n<p><noscript><\/p>\n<p><a href=\"\/\/www3.smartadserver.com\/ac?jump=1&amp;nwid=2136&amp;siteid=240610&amp;pgname=rg&amp;fmtid=49046&amp;visit=m&amp;tmstp=[timestamp]&amp;out=nonrich\" target=\"_blank\" rel=\"noopener noreferrer\"><img decoding=\"async\" src=\"http:\/\/www3.smartadserver.com\/ac?out=nonrich&amp;nwid=2136&amp;siteid=240610&amp;pgname=rg&amp;fmtid=49046&amp;visit=m&amp;tmstp=[timestamp]\" border=\"0\" alt=\"\"\/><\/a><\/p>\n<p><\/noscript><\/div>\n<p class=\"c3\"><strong><em>Le 13 juillet dernier, Dr Ablass\u00e9 Ou\u00e9draogo a adress\u00e9 une lettre ouverte au pr\u00e9sident du Faso avec pour objet\u00a0: \u00ab\u00a0De l\u2019imp\u00e9rieuse n\u00e9cessit\u00e9 de cl\u00f4turer votre dialogue politique et d\u2019aller sans d\u00e9lai au dialogue national inclusif, sinc\u00e8re, ouvert et d\u00e9cisionnel pour r\u00e9pondre aux vraies pr\u00e9occupations des Burkinab\u00e8\u00a0\u00bb. Voici ce que le pr\u00e9sident de Le Faso Autrement a \u00e9crit \u00e0 Roch\u00a0!<\/em><\/strong><\/p>\n<p class=\"c3\"><em>\u00ab Nous nous souviendrons que vous avez organis\u00e9, du 15 au 22 juillet 2019, la premi\u00e8re r\u00e9union des partis de la majorit\u00e9 et d\u2019une partie de l\u2019opposition politique autour des \u00e9lections de 2020, de la situation nationale et de la coh\u00e9sion sociale. Le dialogue politique, comme vous l\u2019avez appel\u00e9, est co-pr\u00e9sid\u00e9 par le pr\u00e9sident de l\u2019association des partis de la majorit\u00e9 pr\u00e9sidentielle (APMP), une structure informelle, et le Chef de file de l\u2019opposition Politique (CFOP), une institution de la R\u00e9publique, avec pour rapporteur le ministre de l\u2019Administration territoriale, de la d\u00e9centralisation et de la coh\u00e9sion sociale.<\/em> <em>Les travaux de ce dialogue politique, \u00e9videmment non inclusif parce que les participants, tri\u00e9s sur le volet, appartiennent au cercle restreint de vos amis, ont conclu un accord pour la tenue des \u00e9lections coupl\u00e9es du pr\u00e9sident du Faso et l\u00e9gislatives, le 22 novembre 2020.<\/em> <em>C\u2019\u00e9tait sans compter avec les r\u00e9alit\u00e9s v\u00e9cues par les Burkinab\u00e8, et tout particuli\u00e8rement la p\u00e9nible et d\u00e9vastatrice guerre s\u00e9curitaire \u00e0 laquelle vous et votre gouvernement n\u2019arrivez pas, jusque-l\u00e0 en tout cas, \u00e0 trouver la solution idoine.<\/em> <em>Le rapport de la Repr\u00e9sentation nationale, que vous a remis en mains propres, le 8 juillet 2020, le Pr\u00e9sident de l\u2019Assembl\u00e9e nationale, \u00e0 la suite de la visite de terrain des d\u00e9put\u00e9s dans les cinq r\u00e9gions de notre pays, touch\u00e9es par le terrorisme, fait des recommandations, dont celle relative sp\u00e9cifiquement \u00e0 la tenue des \u00e9lections du 22 novembre 2020.\u00a0<\/em> <em>Rappelons que par consensus et \u00e0 l\u2019unanimit\u00e9, le pouvoir l\u00e9gislatif, s\u00e9par\u00e9 du pouvoir ex\u00e9cutif, recommande la prolongation du mandat des d\u00e9put\u00e9s de la septi\u00e8me l\u00e9gislature de douze (12) mois comme l\u2019autorise la Constitution en vigueur en son article 81, le report de la tenue des \u00e9lections l\u00e9gislatives en 2021 et le maintien de l\u2019\u00e9lection du pr\u00e9sident du Faso \u00e0 la date du 22 novembre 2020, pour des raisons de s\u00e9curit\u00e9. L\u2019ins\u00e9curit\u00e9 emp\u00eachera 52 d\u00e9put\u00e9s, soit 40% de l\u2019Assembl\u00e9e, de pouvoir battre campagne dans leurs circonscriptions.\u00a0<\/em> <em>Cette situation, sans pr\u00e9c\u00e9dent, t\u00e9moigne de la gravit\u00e9 du contexte et du manque de s\u00e9curit\u00e9 sur une bonne partie de notre territoire.\u00a0<\/em> <em>Cela aussi permettrait de questionner la l\u00e9gitimit\u00e9 de l\u2019\u00e9lection pr\u00e9sidentielle qui, logiquement, ne pourrait se faire dans ces m\u00eames circonscriptions.<\/em> <em>Cela entacherait la l\u00e9gitimit\u00e9 du pr\u00e9sident du Faso qui sera l\u00e9galement \u00e9lu, et pourrait poser de s\u00e9rieux d\u00e9fis \u00e0 la paix sociale, la stabilit\u00e9 et la s\u00e9curit\u00e9 dans un tel contexte et dans la p\u00e9riode post-\u00e9lectorale.<\/em> <em>Cette situation nouvelle est tout simplement une humiliation pour les parties prenantes \u00e0 votre dialogue politique que nous avons d\u00e9j\u00e0 qualifi\u00e9 de \u00ab mascarade \u00bb, et met clairement un terme \u00e0 la vie et aux activit\u00e9s dudit dialogue politique non inclusif, organis\u00e9 entre \u00ab petits copains \u00bb et qui est tr\u00e8s loin de pouvoir apporter les vraies solutions aux probl\u00e8mes des Burkinab\u00e8.\u00a0<\/em> <em>Cette cacophonie accentue les divisions entre les Burkinab\u00e8 et constitue des pr\u00e9mices de conflits que nous enregistrerons certainement tout au long du processus \u00e9lectoral, qui s\u2019ajoutent aux diff\u00e9rentes tensions, crises et conflits que nous endurons tous au quotidien.<\/em> <em>Si vous acceptez notre constat sur la situation actuelle, qui est comme une boule de feu sur une colline, nous voudrions vous lancer un appel renouvel\u00e9 pour convoquer un dialogue national inclusif, sinc\u00e8re, ouvert et d\u00e9cisionnel, pour pouvoir aller, et sans faire perdre davantage de temps au peuple burkinab\u00e8, \u00e0 la r\u00e9conciliation nationale, une imp\u00e9rieuse n\u00e9cessit\u00e9 pour la construction de l\u2019unit\u00e9 nationale et de la Nation burkinab\u00e8. Le Burkina Faso se r\u00e9conciliera avec lui-m\u00eame et les Burkinab\u00e8 se r\u00e9concilieront entre eux. La r\u00e9conciliation nationale est l\u2019affaire de tous.<\/em> <em>Le dialogue national, au-del\u00e0 de tous les acteurs politiques sans exception, doit impliquer toutes les composantes de la soci\u00e9t\u00e9 burkinab\u00e8.\u00a0<\/em> <em>En effet, les d\u00e9fis auxquels font face les Burkinab\u00e8 sont au-del\u00e0 des comp\u00e9tences et des capacit\u00e9s des seuls acteurs politiques, et surtout d\u2019une partie de cette classe politique.\u00a0<\/em> <em>Le temps presse pour poser les jalons de la paix et de la coh\u00e9sion sociale sur toute l\u2019\u00e9tendue de notre territoire en prenant des actes forts et courageux pour apaiser les tensions et s\u00e9curiser tous les Burkinab\u00e8. C\u2019est pour cela que nous vous saurions gr\u00e9 de bien vouloir enclencher imm\u00e9diatement le dialogue national inclusif, sinc\u00e8re, ouvert et d\u00e9cisionnel pour apaiser tous les Burkinab\u00e8 et aboutir \u00e0 la r\u00e9conciliation nationale, \u00e0 la construction de l\u2019unit\u00e9 nationale et de la Nation.<\/em> <em>C\u2019est le pr\u00e9alable incontournable pour s\u00e9curiser les Burkinab\u00e8 et le processus \u00e9lectoral. Travaillons tous ensemble pour avoir des \u00e9lections transparentes, \u00e9quitables et inclusives afin de renforcer la d\u00e9mocratie, la paix, la s\u00e9curit\u00e9 et le vivre-ensemble dans notre cher et beau pays, le Burkina Faso.<\/em> <em>Veuillez agr\u00e9er, Excellence Monsieur le Pr\u00e9sident du Faso, l\u2019assurance de notre tr\u00e8s haute et respectueuse consid\u00e9ration. \u00ab Rien n\u2019arr\u00eate une id\u00e9e arriv\u00e9e \u00e0 son heure \u00bb<\/em><\/p>\n<p class=\"c4\"><strong><em>Dr Ablass\u00e9 OUEDRAOGO<\/em><\/strong><br \/><strong><em>Commandeur de l\u2019Ordre National\u00a0\u00bb<\/em><\/strong><\/p>\n<p>Auteur: Le Pays<br \/>\n<a href=\"http:\/\/lepays.bf\/ablasse-ouedraogo-a-roch-marc-christian-kabore\/\">Cliquez ici pour lire l&rsquo;article depuis sa source.<\/a><\/p>\n","protected":false},"excerpt":{"rendered":"<p>Le 13 juillet dernier, Dr Ablass\u00e9 Ou\u00e9draogo a adress\u00e9 une lettre ouverte au pr\u00e9sident du Faso avec pour objet\u00a0: \u00ab\u00a0De l\u2019imp\u00e9rieuse n\u00e9cessit\u00e9 de cl\u00f4turer votre dialogue politique et d\u2019aller sans d\u00e9lai au dialogue national inclusif, sinc\u00e8re, ouvert et d\u00e9cisionnel pour r\u00e9pondre aux vraies pr\u00e9occupations des Burkinab\u00e8\u00a0\u00bb. Voici ce que le pr\u00e9sident de Le Faso Autrement [&hellip;]<\/p>\n","protected":false},"author":1813,"featured_media":0,"comment_status":"closed","ping_status":"closed","sticky":false,"template":"","format":"standard","meta":{"fifu_image_url":"","fifu_image_alt":"","footnotes":""},"categories":[73,81],"tags":[],"class_list":["post-92703","post","type-post","status-publish","format-standard","hentry","category-actualite","category-burkina-faso"],"_links":{"self":[{"href":"https:\/\/linitiative.ca\/International\/wp-json\/wp\/v2\/posts\/92703","targetHints":{"allow":["GET"]}}],"collection":[{"href":"https:\/\/linitiative.ca\/International\/wp-json\/wp\/v2\/posts"}],"about":[{"href":"https:\/\/linitiative.ca\/International\/wp-json\/wp\/v2\/types\/post"}],"author":[{"embeddable":true,"href":"https:\/\/linitiative.ca\/International\/wp-json\/wp\/v2\/users\/1813"}],"replies":[{"embeddable":true,"href":"https:\/\/linitiative.ca\/International\/wp-json\/wp\/v2\/comments?post=92703"}],"version-history":[{"count":0,"href":"https:\/\/linitiative.ca\/International\/wp-json\/wp\/v2\/posts\/92703\/revisions"}],"wp:attachment":[{"href":"https:\/\/linitiative.ca\/International\/wp-json\/wp\/v2\/media?parent=92703"}],"wp:term":[{"taxonomy":"category","embeddable":true,"href":"https:\/\/linitiative.ca\/International\/wp-json\/wp\/v2\/categories?post=92703"},{"taxonomy":"post_tag","embeddable":true,"href":"https:\/\/linitiative.ca\/International\/wp-json\/wp\/v2\/tags?post=92703"}],"curies":[{"name":"wp","href":"https:\/\/api.w.org\/{rel}","templated":true}]}}