{"id":92704,"date":"2020-07-17T14:59:07","date_gmt":"2020-07-17T18:59:07","guid":{"rendered":"https:\/\/linitiative.ca\/International\/investiture-du-candidat-de-lupc\/"},"modified":"2020-07-17T14:59:07","modified_gmt":"2020-07-17T18:59:07","slug":"investiture-du-candidat-de-lupc","status":"publish","type":"post","link":"https:\/\/linitiative.ca\/International\/investiture-du-candidat-de-lupc\/","title":{"rendered":"INVESTITURE DU CANDIDAT DE L\u2019UPC"},"content":{"rendered":"<div class=\"stream-item stream-item-above-post-content\">\n<p><noscript><\/p>\n<p><a href=\"\/\/www3.smartadserver.com\/ac?jump=1&amp;nwid=2136&amp;siteid=240610&amp;pgname=rg&amp;fmtid=49046&amp;visit=m&amp;tmstp=[timestamp]&amp;out=nonrich\" target=\"_blank\" rel=\"noopener noreferrer\"><img decoding=\"async\" src=\"http:\/\/www3.smartadserver.com\/ac?out=nonrich&amp;nwid=2136&amp;siteid=240610&amp;pgname=rg&amp;fmtid=49046&amp;visit=m&amp;tmstp=[timestamp]\" border=\"0\" alt=\"\"\/><\/a><\/p>\n<p><\/noscript><\/div>\n<p class=\"c3\"><strong><em>Le Comit\u00e9 de d\u00e9signation et d\u2019investiture du candidat de l\u2019Union pour le progr\u00e8s et le changement (UPC) \u00e9tait, le 15 juillet 2020, face \u00e0 la presse au si\u00e8ge national du parti sis au quartier Gounghin de Ouagadougou. Au menu des \u00e9changes, les pr\u00e9paratifs du congr\u00e8s extraordinaire du parti qui se tiendra le 25 juillet 2020 au Palais des sports de Ouaga 2000.<\/em><\/strong><\/p>\n<p class=\"c3\"><em>Le candidat \u00e0 l\u2019\u00e9lection pr\u00e9sidentielle du 22 novembre 2020 de l\u2019Union pour le progr\u00e8s et le changement (UPC) sera d\u00e9sign\u00e9 puis investi le 25 juillet prochain, au Palais des sports de Ouaga 2000. En attendant, le Comit\u00e9 d\u2019organisation du congr\u00e8s extraordinaire met les petits plats dans les grands pour r\u00e9ussir l\u2019\u00e9v\u00e8nement tant attendu par les militants et sympathisants du parti du Lion. Il \u00e9tait face \u00e0 la presse le 16 juillet dernier, pour expliquer l\u2019\u00e9tat d\u2019avancement des pr\u00e9paratifs. A en croire le Pr\u00e9sident du comit\u00e9 d\u2019organisation (PCO), Rabi Yam\u00e9ogo, tout se passe bien et la cuvette du Palais des sports sera pleine de militants. A la question de savoir si l\u2019UPC pourra relever le d\u00e9fi de remplir la cuvette du Palais des sports de Ouaga 2000, il a r\u00e9pondu par l\u2019affirmative.<\/em><\/p>\n<p class=\"c4\"><strong><em>Port du masque, lavage des mains et prise de temp\u00e9rature obligatoires<\/em><\/strong><\/p>\n<p class=\"c3\"><em>\u00ab Au niveau du parti, nous avons une m\u00e9thode de travail.\u00a0 Je dois vous rassurer que dans les secteurs, les arrondissements de la commune de Ouagadougou et les 6 communes rurales de la province du Kadiogo, les Assembl\u00e9es g\u00e9n\u00e9rales se tiennent. Nous n\u2019avons pas besoin de faire de grands rassemblements dans des endroits comme d\u2019autres l\u2019ont fait. Nous communiquons avec la base puisque ce sont les militants et les militantes qui veulent d\u00e9signer et investir leur candidat. On n\u2019a pas besoin de faire du grand tapage pour cette activit\u00e9. En r\u00e9alit\u00e9, le Palais des sports de Ouaga 2000 est trop petit pour un parti comme l\u2019UPC. Nous l\u2019avons d\u00e9j\u00e0 fait et je rappelle que c\u2019est la 3e fois que l\u2019UPC organise un congr\u00e8s au Palais des sports et \u00e0 chaque fois, vous avez constat\u00e9 la mobilisation gigantesque\u00a0\u00bb, a indiqu\u00e9 Rabi Yam\u00e9ogo. Plac\u00e9 sous le th\u00e8me \u00ab Ensemble avec Z\u00e8ph, un nouveau d\u00e9part en toute s\u00e9curit\u00e9 \u00bb, ledit congr\u00e8s sera marqu\u00e9 par une c\u00e9r\u00e9monie d\u2019ouverture suivie des travaux qui permettront de d\u00e9signer le candidat avant son investiture. Mais pour avoir acc\u00e8s \u00e0 la cuvette du Palais des sports, le port du masque, le lavage des mains et la prise de temp\u00e9rature seront obligatoires. Toutes choses qui permettront d\u2019observer les gestes-barri\u00e8res contre la maladie \u00e0 coronavirus. En attendant, la r\u00e9ception des dossiers des candidats \u00e0 la candidature de l\u2019UPC \u00e0 l\u2019\u00e9lection pr\u00e9sidentielle de novembre 2020 se poursuit depuis le 14 juillet et prendra fin le 23 juillet prochain. Pour l\u2019instant, seul le pr\u00e9sident de l\u2019UPC, Z\u00e9phirin Diabr\u00e9, a manifest\u00e9 sa volont\u00e9 d\u2019\u00eatre candidat du parti, selon les responsables du Comit\u00e9 de d\u00e9signation. Ce fut l\u2019occasion pour Rabi Yam\u00e9ogo d\u2019inviter les militants \u00e0 la mobilisation. \u00abNous invitons en particulier nos militants et sympathisans des 12 arrondissements de la commune de Ouagadougou et des 6 communes rurales du Kadiogo, \u00e0 prendre d\u2019assaut le Palais des sports de Ouaga 2000 pour qu\u2019\u00e0 l\u2019unisson, nous manifestions notre soutien \u00e0 notre candidat\u00a0\u00bb, a-t- il conclu.<\/em><\/p>\n<p class=\"c4\"><strong><em>Issa SIGUIRE<\/em><\/strong><\/p>\n<p>Auteur: Le Pays<br \/>\n<a href=\"http:\/\/lepays.bf\/investiture-du-candidat-de-lupc\/\">Cliquez ici pour lire l&rsquo;article depuis sa source.<\/a><\/p>\n","protected":false},"excerpt":{"rendered":"<p>Le Comit\u00e9 de d\u00e9signation et d\u2019investiture du candidat de l\u2019Union pour le progr\u00e8s et le changement (UPC) \u00e9tait, le 15 juillet 2020, face \u00e0 la presse au si\u00e8ge national du parti sis au quartier Gounghin de Ouagadougou. Au menu des \u00e9changes, les pr\u00e9paratifs du congr\u00e8s extraordinaire du parti qui se tiendra le 25 juillet 2020 [&hellip;]<\/p>\n","protected":false},"author":1813,"featured_media":0,"comment_status":"closed","ping_status":"closed","sticky":false,"template":"","format":"standard","meta":{"fifu_image_url":"","fifu_image_alt":"","footnotes":""},"categories":[73,81],"tags":[],"class_list":["post-92704","post","type-post","status-publish","format-standard","hentry","category-actualite","category-burkina-faso"],"_links":{"self":[{"href":"https:\/\/linitiative.ca\/International\/wp-json\/wp\/v2\/posts\/92704","targetHints":{"allow":["GET"]}}],"collection":[{"href":"https:\/\/linitiative.ca\/International\/wp-json\/wp\/v2\/posts"}],"about":[{"href":"https:\/\/linitiative.ca\/International\/wp-json\/wp\/v2\/types\/post"}],"author":[{"embeddable":true,"href":"https:\/\/linitiative.ca\/International\/wp-json\/wp\/v2\/users\/1813"}],"replies":[{"embeddable":true,"href":"https:\/\/linitiative.ca\/International\/wp-json\/wp\/v2\/comments?post=92704"}],"version-history":[{"count":0,"href":"https:\/\/linitiative.ca\/International\/wp-json\/wp\/v2\/posts\/92704\/revisions"}],"wp:attachment":[{"href":"https:\/\/linitiative.ca\/International\/wp-json\/wp\/v2\/media?parent=92704"}],"wp:term":[{"taxonomy":"category","embeddable":true,"href":"https:\/\/linitiative.ca\/International\/wp-json\/wp\/v2\/categories?post=92704"},{"taxonomy":"post_tag","embeddable":true,"href":"https:\/\/linitiative.ca\/International\/wp-json\/wp\/v2\/tags?post=92704"}],"curies":[{"name":"wp","href":"https:\/\/api.w.org\/{rel}","templated":true}]}}