{"id":92705,"date":"2020-07-16T17:39:13","date_gmt":"2020-07-16T21:39:13","guid":{"rendered":"https:\/\/linitiative.ca\/International\/drame-de-boudry-la-prefete-rose-kafando-repose-au-cimetiere-de-kamboinsin\/"},"modified":"2020-07-16T17:39:13","modified_gmt":"2020-07-16T21:39:13","slug":"drame-de-boudry-la-prefete-rose-kafando-repose-au-cimetiere-de-kamboinsin","status":"publish","type":"post","link":"https:\/\/linitiative.ca\/International\/drame-de-boudry-la-prefete-rose-kafando-repose-au-cimetiere-de-kamboinsin\/","title":{"rendered":"Drame de Boudry: la pr\u00e9f\u00e8te Rose Kafando repose au Cimeti\u00e8re  de Kamboinsin"},"content":{"rendered":"<div class=\"td-post-featured-image\"><a href=\"https:\/\/www.sidwaya.info\/wp-content\/uploads\/2020\/07\/prefet017.jpg\" data-caption=\"\"><img loading=\"lazy\" decoding=\"async\" width=\"696\" height=\"522\" class=\"entry-thumb td-modal-image\" src=\"https:\/\/www.sidwaya.info\/wp-content\/uploads\/2020\/07\/prefet017-696x522.jpg\" srcset=\"https:\/\/www.sidwaya.info\/wp-content\/uploads\/2020\/07\/prefet017-696x522.jpg 696w, https:\/\/www.sidwaya.info\/wp-content\/uploads\/2020\/07\/prefet017-300x225.jpg 300w, https:\/\/www.sidwaya.info\/wp-content\/uploads\/2020\/07\/prefet017-768x576.jpg 768w, https:\/\/www.sidwaya.info\/wp-content\/uploads\/2020\/07\/prefet017-560x420.jpg 560w, https:\/\/www.sidwaya.info\/wp-content\/uploads\/2020\/07\/prefet017-80x60.jpg 80w, https:\/\/www.sidwaya.info\/wp-content\/uploads\/2020\/07\/prefet017-265x198.jpg 265w, https:\/\/www.sidwaya.info\/wp-content\/uploads\/2020\/07\/prefet017.jpg 787w\" sizes=\"auto, (max-width: 696px) 100vw, 696px\" alt=\"\" title=\"prefet017\"\/><\/a><\/div>\n<p><strong>La nation burkinab\u00e8 a rendu un dernier hommage \u00e0 la pr\u00e9f\u00e8te de Boudry, Evelyne Rose Kafando, d\u00e9c\u00e9d\u00e9e dans la nuit du 14 juillet 2020 par suite de noyade. Apr\u00e8s sa d\u00e9coration \u00e0 titre posthume, elle a \u00e9t\u00e9 inhum\u00e9e, le jeudi 16 juillet 2020, au cimeti\u00e8re, route de Kamboinsin.<\/strong><\/p>\n<p>Evelyne Rose Kafando repose d\u00e9sormais au cimeti\u00e8re, route de Kamboinsin \u00e0 Ouagadougou. D\u00e9c\u00e9d\u00e9e le 14 juillet 2020 par suite de noyade, elle a \u00e9t\u00e9 inhum\u00e9e, le jeudi 16 juillet 2020. Selon le ministre de l\u2019Etat, ministre de l\u2019Administration territoriale, de la D\u00e9centralisation et de la Coh\u00e9sion sociale, Sim\u00e9on Sawadogo, Mme Kafando, est morte dans l\u2019exercice de ses fonctions. De ce fait, au nom du pr\u00e9sident du Faso, Sim\u00e9on Sawadogo l\u2019a d\u00e9cor\u00e9e chevalier de l\u2019Ordre de l\u2019\u00e9talon \u00e0 titre posthume. Evelyne Rose Kafando a<br \/>rencontr\u00e9 la grande faucheuse alors qu\u2019elle \u00e9tait en<br \/>mission de supervision des examens du CEP et BEPC avec quatre autres<br \/>compagnons d\u2019infortune. Ce sont des parents, amis,<br \/>coll\u00e8gues, autorit\u00e9s provinciales du Ganzourgou qui ont accompagn\u00e9 la d\u00e9funte \u00e0 sa derni\u00e8re demeure. Pour<br \/>le haut- commissaire du Ganzourgou, Ambroise Ou\u00e9draogo, Evelyne Rose Kafando a toujours r\u00e9pondu sans h\u00e9siter aux devoirs de la nation.\u00a0\u00ab Commis infatigable de l\u2019\u00c9tat, vous avez \u00e9t\u00e9 agent de bureau, agent administratif puis secr\u00e9taire administratif\u00a0\u00bb, a- t-il indiqu\u00e9 avant d\u2019ajouter qu\u2019elle a, tour \u00e0 tour, gravi les \u00e9chelons avec la m\u00eame rage de servir et donner le meilleur d\u2019elle-m\u00eame. Selon lui, Rose Kafando, s\u2019est toujours montr\u00e9e \u00e0 la hauteur des missions qui lui ont \u00e9t\u00e9 confi\u00e9es. Il a pr\u00e9cis\u00e9 qu\u2019elle \u00e9tait un agent engag\u00e9, d\u00e9vou\u00e9 et professionnel. C\u2019est pourquoi, a-t-il poursuivi, la nation tout enti\u00e8re la pleure. \u00ab\u00a0Evelyne Rose Kafando va et repose en paix sur la terre libre du Burkina Faso\u00a0\u00bb a souhait\u00e9 M. Ou\u00e9draogo. En rappel, Evelyne Rose Kafando a \u00e9t\u00e9, nomm\u00e9e pr\u00e9f\u00e8te le 16 juillet 2020.<\/p>\n<p>Lassina BADOLO<\/p>\n<div class=\"td-a-rec td-a-rec-id-content_inline tdi_30_25f td_block_template_1\"><img loading=\"lazy\" decoding=\"async\" class=\"aligncenter size-full wp-image-21314\" src=\"https:\/\/www.sidwaya.info\/wp-content\/uploads\/2020\/04\/Bandeau-Covid-19-Sidwaya-1.jpg\" alt=\"\" width=\"790\" height=\"98\"\/><\/div>\n<div class=\"td-a-rec td-a-rec-id-content_bottom tdi_31_d67 td_block_template_1\"><img loading=\"lazy\" decoding=\"async\" class=\"aligncenter size-full wp-image-22415\" src=\"https:\/\/www.sidwaya.info\/wp-content\/uploads\/2020\/05\/Bandeau-paiement-mobile-site.png\" alt=\"\" width=\"728\" height=\"90\"\/><\/div>\n<p>Auteur: BM. Sidwaya<br \/>\n<a href=\"https:\/\/www.sidwaya.info\/blog\/2020\/07\/16\/drame-de-boudry-la-prefete-rose-kafando-repose-au-cimetiere-de-kamboinsin\/\">Cliquez ici pour lire l&rsquo;article depuis sa source.<\/a><\/p>\n","protected":false},"excerpt":{"rendered":"<p>La nation burkinab\u00e8 a rendu un dernier hommage \u00e0 la pr\u00e9f\u00e8te de Boudry, Evelyne Rose Kafando, d\u00e9c\u00e9d\u00e9e dans la nuit du 14 juillet 2020 par suite de noyade. Apr\u00e8s sa d\u00e9coration \u00e0 titre posthume, elle a \u00e9t\u00e9 inhum\u00e9e, le jeudi 16 juillet 2020, au cimeti\u00e8re, route de Kamboinsin. Evelyne Rose Kafando repose d\u00e9sormais au cimeti\u00e8re, [&hellip;]<\/p>\n","protected":false},"author":1816,"featured_media":92706,"comment_status":"closed","ping_status":"closed","sticky":false,"template":"","format":"standard","meta":{"fifu_image_url":"","fifu_image_alt":"","footnotes":""},"categories":[73,81],"tags":[],"class_list":["post-92705","post","type-post","status-publish","format-standard","has-post-thumbnail","hentry","category-actualite","category-burkina-faso"],"_links":{"self":[{"href":"https:\/\/linitiative.ca\/International\/wp-json\/wp\/v2\/posts\/92705","targetHints":{"allow":["GET"]}}],"collection":[{"href":"https:\/\/linitiative.ca\/International\/wp-json\/wp\/v2\/posts"}],"about":[{"href":"https:\/\/linitiative.ca\/International\/wp-json\/wp\/v2\/types\/post"}],"author":[{"embeddable":true,"href":"https:\/\/linitiative.ca\/International\/wp-json\/wp\/v2\/users\/1816"}],"replies":[{"embeddable":true,"href":"https:\/\/linitiative.ca\/International\/wp-json\/wp\/v2\/comments?post=92705"}],"version-history":[{"count":0,"href":"https:\/\/linitiative.ca\/International\/wp-json\/wp\/v2\/posts\/92705\/revisions"}],"wp:featuredmedia":[{"embeddable":true,"href":"https:\/\/linitiative.ca\/International\/wp-json\/"}],"wp:attachment":[{"href":"https:\/\/linitiative.ca\/International\/wp-json\/wp\/v2\/media?parent=92705"}],"wp:term":[{"taxonomy":"category","embeddable":true,"href":"https:\/\/linitiative.ca\/International\/wp-json\/wp\/v2\/categories?post=92705"},{"taxonomy":"post_tag","embeddable":true,"href":"https:\/\/linitiative.ca\/International\/wp-json\/wp\/v2\/tags?post=92705"}],"curies":[{"name":"wp","href":"https:\/\/api.w.org\/{rel}","templated":true}]}}