{"id":92707,"date":"2020-07-16T17:48:54","date_gmt":"2020-07-16T21:48:54","guid":{"rendered":"https:\/\/linitiative.ca\/International\/relance-de-leconomie-nationale100-milliards-f-cfa-pour-accompagner-les-entreprises\/"},"modified":"2020-07-16T17:48:54","modified_gmt":"2020-07-16T21:48:54","slug":"relance-de-leconomie-nationale100-milliards-f-cfa-pour-accompagner-les-entreprises","status":"publish","type":"post","link":"https:\/\/linitiative.ca\/International\/relance-de-leconomie-nationale100-milliards-f-cfa-pour-accompagner-les-entreprises\/","title":{"rendered":"Relance de l\u2019\u00e9conomie nationale:100 milliards  F CFA pour accompagner  les entreprises"},"content":{"rendered":"<div class=\"td-post-featured-image\"><a href=\"https:\/\/www.sidwaya.info\/wp-content\/uploads\/2020\/07\/cent-millards17.jpg\" data-caption=\"\"><img loading=\"lazy\" decoding=\"async\" width=\"696\" height=\"454\" class=\"entry-thumb td-modal-image\" src=\"https:\/\/www.sidwaya.info\/wp-content\/uploads\/2020\/07\/cent-millards17-696x454.jpg\" srcset=\"https:\/\/www.sidwaya.info\/wp-content\/uploads\/2020\/07\/cent-millards17-696x454.jpg 696w, https:\/\/www.sidwaya.info\/wp-content\/uploads\/2020\/07\/cent-millards17-300x196.jpg 300w, https:\/\/www.sidwaya.info\/wp-content\/uploads\/2020\/07\/cent-millards17-768x501.jpg 768w, https:\/\/www.sidwaya.info\/wp-content\/uploads\/2020\/07\/cent-millards17-644x420.jpg 644w, https:\/\/www.sidwaya.info\/wp-content\/uploads\/2020\/07\/cent-millards17.jpg 797w\" sizes=\"auto, (max-width: 696px) 100vw, 696px\" alt=\"\" title=\"cent-millards17\"\/><\/a><\/div>\n<p><strong>Le gouvernement a sign\u00e9, le jeudi 16 juillet 2020 \u00e0 Ouagadougou, une convention d\u2019un montant de 100 milliards F CFA avec l\u2019Association professionnelle des banques et \u00e9tablissements financiers du Burkina Faso (APBEF-BF), en vue de relancer l\u2019\u00e9conomie nationale, \u00e9prouv\u00e9e par la maladie \u00e0 coronavirus.<\/strong><\/p>\n<p>Les mesures annonc\u00e9es par le pr\u00e9sident du Faso en avril 2020, pour soutenir la r\u00e9silience de l\u2019\u00e9conomie et favoriser sa relance, se sont concr\u00e9tis\u00e9es \u00e0 travers un fonds de financement d\u2019un montant de 100 milliards F CFA. La signature de l\u2019accord de financement a eu lieu, le jeudi 16 juillet 2020 \u00e0 Ouagadougou, entre le chef du gouvernement, Christophe Joseph Marie Dabir\u00e9 et le pr\u00e9sident de l\u2019Association professionnelle des banques et \u00e9tablissements financiers du Burkina Faso (APBEF-BF), Martial Goeh-Akue. Selon le Premier ministre, la COVID-19 a eu un impact n\u00e9gatif sur l\u2019\u00e9conomie du Burkina Faso, avec comme effets induits, une r\u00e9duction attendue du taux de croissance de 6,3% \u00e0 2% en 2020, des difficult\u00e9s de fonctionnement pour les entreprises dans les diff\u00e9rents secteurs d\u2019activit\u00e9s. Il a indiqu\u00e9 que la prudence commandait au gouvernement, de prendre le temps n\u00e9cessaire pour disposer d\u2019un cadre structur\u00e9 de financement et d\u2019appui aux entreprises, intervenant dans les secteurs fortement affect\u00e9s. \u00ab Au terme d\u2019un processus largement participatif, un m\u00e9canisme de mise en \u0153uvre du fonds de financement de la relance \u00e9conomique au Burkina Faso d\u00e9nomm\u00e9 FRE COVID-19, r\u00e9git d\u00e9sormais les interventions dudit fonds \u00bb, a pr\u00e9cis\u00e9 M. Dabir\u00e9. Et d\u2019ajouter que la mise en \u0153uvre du m\u00e9canisme se fera selon quatre principes. Il s\u2019agit de la transparence de la gouvernance, la compl\u00e9mentarit\u00e9 des interventions en vue d\u2019\u00e9viter les doubles prises en compte des b\u00e9n\u00e9ficiaires, la contractualisation qui permet de b\u00e9n\u00e9ficier de l\u2019exp\u00e9rience des structures existantes et la redevabilit\u00e9 \u00e0 travers la production de rapports p\u00e9riodiques. \u00ab Le fonds de financement de la relance \u00e9conomique FRE COVID-19 sera aliment\u00e9 par des ressources provenant du budget de l\u2019Etat, de financements de partenaires et de contributions diverses \u00bb, a-t-il clarifi\u00e9. Par ce m\u00e9canisme, le pr\u00e9sident de l\u2019APBEF-BF, Martial Goeh-Akue, a signifi\u00e9 qu\u2019il s\u2019agira de sauvegarder l\u2019existant et de r\u00e9inventer l\u2019avenir, en finan\u00e7ant toute entreprise qui d\u00e9veloppe un nouveau projet rentrant dans le cadre de la revitalisation de l\u2019\u00e9conomie post COVID-19. Il a convenu que la pand\u00e9mie va continuer d\u2019avoir des effets n\u00e9gatifs croissants sur les entreprises, tant du c\u00f4t\u00e9 de l\u2019offre de cr\u00e9dits que celui de la demande. \u00ab En d\u00e9pit des mesures gouvernementales, le co\u00fbt du risque des banques et les pertes de cr\u00e9dit, vont augmenter\u00bb, a-t-il pr\u00e9venu. Les interventions du FRE COVID-19, se feront essentiellement \u00e0 partir de trois guichets, \u00e0 savoir, le guichet Grandes entreprises (GE), Petites et moyennes entreprises\/Industries (PME\/PMI) et le guichet Tr\u00e8s petites entreprises (TPE). Le ministre de l\u2019Economie, des Finances et du D\u00e9veloppement, Lassan\u00e9 Kabor\u00e9, a fait savoir que sur la p\u00e9riode 2020-2021, les banques vont apporter 50% et le taux de sortie de cr\u00e9dits sera \u00e0 4%. \u00ab Nous allons bonifier le taux d\u2019int\u00e9r\u00eat, avec un instrument que nous avons mis en place \u00e0 travers le fonds burkinab\u00e8 de d\u00e9veloppement \u00e9conomique et social. Nous avons abond\u00e9 5 milliards F CFA, pour bonifier le taux d\u2019int\u00e9r\u00eat\u00bb, a-t-il dit. \u00ab L\u2019argentier \u00bb Kabor\u00e9 a affirm\u00e9 que de mani\u00e8re g\u00e9n\u00e9rale, les pr\u00eats qui seront faits aux Grandes entreprises, seront \u00e0 un taux de 4% et le m\u00eame m\u00e9canisme de bonification du taux d\u2019int\u00e9r\u00eat pour les autres entreprises va se faire \u00e0 travers le fonds, couronn\u00e9 par un dispositif de gestion mis en place.<\/p>\n<p>Afs\u00e9tou SAWADOGO<\/p>\n<div class=\"td-a-rec td-a-rec-id-content_inline tdi_30_842 td_block_template_1\"><img loading=\"lazy\" decoding=\"async\" class=\"aligncenter size-full wp-image-21314\" src=\"https:\/\/www.sidwaya.info\/wp-content\/uploads\/2020\/04\/Bandeau-Covid-19-Sidwaya-1.jpg\" alt=\"\" width=\"790\" height=\"98\"\/><\/div>\n<div class=\"td-a-rec td-a-rec-id-content_bottom tdi_31_485 td_block_template_1\"><img loading=\"lazy\" decoding=\"async\" class=\"aligncenter size-full wp-image-22415\" src=\"https:\/\/www.sidwaya.info\/wp-content\/uploads\/2020\/05\/Bandeau-paiement-mobile-site.png\" alt=\"\" width=\"728\" height=\"90\"\/><\/div>\n<p>Auteur: BM. Sidwaya<br \/>\n<a href=\"https:\/\/www.sidwaya.info\/blog\/2020\/07\/16\/relance-de-leconomie-nationale100-milliards-f-cfa-pour-accompagner-les-entreprises\/\">Cliquez ici pour lire l&rsquo;article depuis sa source.<\/a><\/p>\n","protected":false},"excerpt":{"rendered":"<p>Le gouvernement a sign\u00e9, le jeudi 16 juillet 2020 \u00e0 Ouagadougou, une convention d\u2019un montant de 100 milliards F CFA avec l\u2019Association professionnelle des banques et \u00e9tablissements financiers du Burkina Faso (APBEF-BF), en vue de relancer l\u2019\u00e9conomie nationale, \u00e9prouv\u00e9e par la maladie \u00e0 coronavirus. Les mesures annonc\u00e9es par le pr\u00e9sident du Faso en avril 2020, [&hellip;]<\/p>\n","protected":false},"author":1816,"featured_media":92708,"comment_status":"closed","ping_status":"closed","sticky":false,"template":"","format":"standard","meta":{"fifu_image_url":"","fifu_image_alt":"","footnotes":""},"categories":[73,81],"tags":[],"class_list":["post-92707","post","type-post","status-publish","format-standard","has-post-thumbnail","hentry","category-actualite","category-burkina-faso"],"_links":{"self":[{"href":"https:\/\/linitiative.ca\/International\/wp-json\/wp\/v2\/posts\/92707","targetHints":{"allow":["GET"]}}],"collection":[{"href":"https:\/\/linitiative.ca\/International\/wp-json\/wp\/v2\/posts"}],"about":[{"href":"https:\/\/linitiative.ca\/International\/wp-json\/wp\/v2\/types\/post"}],"author":[{"embeddable":true,"href":"https:\/\/linitiative.ca\/International\/wp-json\/wp\/v2\/users\/1816"}],"replies":[{"embeddable":true,"href":"https:\/\/linitiative.ca\/International\/wp-json\/wp\/v2\/comments?post=92707"}],"version-history":[{"count":0,"href":"https:\/\/linitiative.ca\/International\/wp-json\/wp\/v2\/posts\/92707\/revisions"}],"wp:featuredmedia":[{"embeddable":true,"href":"https:\/\/linitiative.ca\/International\/wp-json\/"}],"wp:attachment":[{"href":"https:\/\/linitiative.ca\/International\/wp-json\/wp\/v2\/media?parent=92707"}],"wp:term":[{"taxonomy":"category","embeddable":true,"href":"https:\/\/linitiative.ca\/International\/wp-json\/wp\/v2\/categories?post=92707"},{"taxonomy":"post_tag","embeddable":true,"href":"https:\/\/linitiative.ca\/International\/wp-json\/wp\/v2\/tags?post=92707"}],"curies":[{"name":"wp","href":"https:\/\/api.w.org\/{rel}","templated":true}]}}