{"id":92724,"date":"2020-07-17T13:18:04","date_gmt":"2020-07-17T17:18:04","guid":{"rendered":"https:\/\/linitiative.ca\/International\/cote-divoire-amadou-gon-coulibaly-inhume-dans-lintimite-familiale-a-korhogo\/"},"modified":"2020-07-17T13:18:04","modified_gmt":"2020-07-17T17:18:04","slug":"cote-divoire-amadou-gon-coulibaly-inhume-dans-lintimite-familiale-a-korhogo","status":"publish","type":"post","link":"https:\/\/linitiative.ca\/International\/cote-divoire-amadou-gon-coulibaly-inhume-dans-lintimite-familiale-a-korhogo\/","title":{"rendered":"C\u00f4te d\u2019Ivoire: Amadou Gon Coulibaly inhum\u00e9 dans l\u2019intimit\u00e9 familiale \u00e0 Korhogo"},"content":{"rendered":"<div readability=\"32\">\n<p>Publi\u00e9 le 17.07.2020 \u00e0 18h18 par APA News<\/p>\n<\/div>\n<div readability=\"65\">\n<p>L\u2019ancien premier ministre ivoirien Amadou Gon Coulibaly a \u00e9t\u00e9 inhum\u00e9 vendredi apr\u00e8s-midi dans l\u2019intimit\u00e9 familiale \u00e0 Korhogo, la terre de ses anc\u00eatres, apr\u00e8s une pri\u00e8re portuaire \u00e0 la grande mosqu\u00e9e de cette localit\u00e9 de l\u2019extr\u00eame-nord ivoirien, en pr\u00e9sence de plusieurs personnalit\u00e9s, notamment le chef de l\u2019\u00c9tat ivoirien Alassane Ouattara et son homologue togolais Faure Gnassingb\u00e9.Avant cette pri\u00e8re mortuaire qui a \u00e9t\u00e9 dirig\u00e9e par le chef de la communaut\u00e9 musulmane ivoirienne Che\u00efck Aima Mamadou Traor\u00e9, l\u2019imam Ousmane Diakit\u00e9 a, dans son sermon de la grande pri\u00e8re musulmane du vendredi, pri\u00e9 pour le repos de l\u2019\u00e2me de l\u2019ancien chef du gouvernement ivoirien. Il a appel\u00e9 les uns et les autres \u00e0 s\u2019inspirer du mod\u00e8le de vie de l\u2019illustre disparu estimant qu\u2019il \u00ab a laiss\u00e9 un h\u00e9ritage \u00e0 la C\u00f4te d\u2019Ivoire \u00bb.<\/p>\n<p>\u00a0Mardi, l\u2019ex-chef du gouvernement ivoirien a re\u00e7u un hommage national au palais de la pr\u00e9sidence de la R\u00e9publique d\u2019Abidjan o\u00f9 il a \u00e9t\u00e9 \u00e9lev\u00e9 \u00e0 titre posthume \u00e0 la dignit\u00e9 de Grand-croix de l\u2019ordre national. Le lendemain, sa famille politique, le Rassemblement des Houphou\u00ebtistes pour la d\u00e9mocratie et la paix ( RHDP) lui a rendu \u00e9galement un hommage au palais des sports de Treichville au sud d\u2019Abidjan.\u00a0<\/p>\n<p>Jeudi, au stade de Korhogo, c\u2019\u00e9tait au tour des diff\u00e9rents peuples de C\u00f4te d\u2019Ivoire de saluer la m\u00e9moire de M. Gon pour sa contribution au d\u00e9veloppement du pays. Ce vendredi 17 juillet 2020 marque ainsi la fin des huit jours de deuil national d\u00e9cr\u00e9t\u00e9s la semaine derni\u00e8re par le pr\u00e9sident ivoirien Alassane Ouattara.<\/p>\n<p>\u00a0Le premier ministre ivoirien Amadou Gon Coulibaly est d\u00e9c\u00e9d\u00e9 le 08 juillet dernier \u00e0 Abidjan \u00e0 l\u2019\u00e2ge de 61 ans quelques jours seulement apr\u00e8s son retour de Paris ( France) o\u00f9 il a subi une intervention chirurgicale au niveau du coeur lors d\u2019un \u00ab contr\u00f4le m\u00e9dical \u00bb qui a dur\u00e9 deux mois. En mars dernier, feu Amadou Gon Coulibaly avait \u00e9t\u00e9 d\u00e9sign\u00e9 comme candidat du RHDP, le parti d\u2019Alassane Ouattara, pour l\u2019\u00e9lection pr\u00e9sidentielle d\u2019octobre prochain.<\/p>\n<\/div>\n<p>Auteur: APA News<br \/>\n<a href=\"https:\/\/www.journalducameroun.com\/cote-divoire-amadou-gon-coulibaly-inhume-dans-lintimite-familiale-a-korhogo\/\">Cliquez ici pour lire l&rsquo;article depuis sa source.<\/a><\/p>\n","protected":false},"excerpt":{"rendered":"<p>Publi\u00e9 le 17.07.2020 \u00e0 18h18 par APA News L\u2019ancien premier ministre ivoirien Amadou Gon Coulibaly a \u00e9t\u00e9 inhum\u00e9 vendredi apr\u00e8s-midi dans l\u2019intimit\u00e9 familiale \u00e0 Korhogo, la terre de ses anc\u00eatres, apr\u00e8s une pri\u00e8re portuaire \u00e0 la grande mosqu\u00e9e de cette localit\u00e9 de l\u2019extr\u00eame-nord ivoirien, en pr\u00e9sence de plusieurs personnalit\u00e9s, notamment le chef de l\u2019\u00c9tat ivoirien [&hellip;]<\/p>\n","protected":false},"author":1965,"featured_media":0,"comment_status":"closed","ping_status":"closed","sticky":false,"template":"","format":"standard","meta":{"fifu_image_url":"","fifu_image_alt":"","footnotes":""},"categories":[73,82],"tags":[],"class_list":["post-92724","post","type-post","status-publish","format-standard","hentry","category-actualite","category-cameroun"],"_links":{"self":[{"href":"https:\/\/linitiative.ca\/International\/wp-json\/wp\/v2\/posts\/92724","targetHints":{"allow":["GET"]}}],"collection":[{"href":"https:\/\/linitiative.ca\/International\/wp-json\/wp\/v2\/posts"}],"about":[{"href":"https:\/\/linitiative.ca\/International\/wp-json\/wp\/v2\/types\/post"}],"author":[{"embeddable":true,"href":"https:\/\/linitiative.ca\/International\/wp-json\/wp\/v2\/users\/1965"}],"replies":[{"embeddable":true,"href":"https:\/\/linitiative.ca\/International\/wp-json\/wp\/v2\/comments?post=92724"}],"version-history":[{"count":0,"href":"https:\/\/linitiative.ca\/International\/wp-json\/wp\/v2\/posts\/92724\/revisions"}],"wp:attachment":[{"href":"https:\/\/linitiative.ca\/International\/wp-json\/wp\/v2\/media?parent=92724"}],"wp:term":[{"taxonomy":"category","embeddable":true,"href":"https:\/\/linitiative.ca\/International\/wp-json\/wp\/v2\/categories?post=92724"},{"taxonomy":"post_tag","embeddable":true,"href":"https:\/\/linitiative.ca\/International\/wp-json\/wp\/v2\/tags?post=92724"}],"curies":[{"name":"wp","href":"https:\/\/api.w.org\/{rel}","templated":true}]}}