{"id":92725,"date":"2020-07-17T14:18:05","date_gmt":"2020-07-17T18:18:05","guid":{"rendered":"https:\/\/linitiative.ca\/International\/covid-19-les-deputes-ougandais-soumis-a-un-depistage-systematique\/"},"modified":"2020-07-17T14:18:05","modified_gmt":"2020-07-17T18:18:05","slug":"covid-19-les-deputes-ougandais-soumis-a-un-depistage-systematique","status":"publish","type":"post","link":"https:\/\/linitiative.ca\/International\/covid-19-les-deputes-ougandais-soumis-a-un-depistage-systematique\/","title":{"rendered":"Covid-19 : Les d\u00e9put\u00e9s ougandais soumis \u00e0 un d\u00e9pistage syst\u00e9matique"},"content":{"rendered":"<div readability=\"32\">\n<p>Publi\u00e9 le 17.07.2020 \u00e0 19h18 par APA News<\/p>\n<\/div>\n<div readability=\"60\">\n<p>En Ouganda, les 426 d\u00e9put\u00e9s ont subit des tests de masse pour le coronavirus lors d\u2019une op\u00e9ration lanc\u00e9e depuis jeudi.L\u2019Ouganda a enregistr\u00e9 \u00e0 ce jour 1.051 cas et aucun d\u00e9c\u00e8s depuis que le virus a \u00e9t\u00e9 signal\u00e9 pour la premi\u00e8re fois dans le pays en mars.<\/p>\n<p>Les d\u00e9put\u00e9s affirment avoir demand\u00e9 des tests compte tenue de la nature \u00ab\u00a0tr\u00e8s interactive\u00a0\u00bb de leur travail, qui les am\u00e8ne \u00e0 interagir r\u00e9guli\u00e8rement avec les gens.<\/p>\n<p>La responsable des communications du Parlement ougandais, Helen Kawesa, a d\u00e9clar\u00e9 qu\u2019il \u00e9tait important que les parlementaires jouent un r\u00f4le central dans la r\u00e9duction des risques d\u2019infections \u00e0 travers le pays.<\/p>\n<p>Elle a rejet\u00e9 les informations sugg\u00e9rant qu\u2019un d\u00e9put\u00e9 anonyme avait contract\u00e9 le virus et a donc \u00e9t\u00e9 hospitalis\u00e9.<\/p>\n<p>Un coll\u00e8gue a indiqu\u00e9 dans un tweet que le d\u00e9put\u00e9 avait contract\u00e9 le virus, mais Mme Kawesa a d\u00e9clar\u00e9 qu\u2019il n\u2019y avait aucune information du Parlement confirmants8cette affirmation.<\/p>\n<p>\u00ab Apr\u00e8s la s\u00e9lection des d\u00e9put\u00e9s, le personnel parlementaire sera le prochain \u00bb, a-t-elle d\u00e9clar\u00e9 \u00e0 propos des tests de masse impliquant les d\u00e9put\u00e9s.<\/p>\n<p>L\u2019Ouganda continue d\u2019interdire aux camionneurs de ses voisins d\u2019entrer dans le pays par crainte qu\u2019ils soient de grands porteurs du virus.<\/p>\n<\/div>\n<p>Auteur: APA News<br \/>\n<a href=\"https:\/\/www.journalducameroun.com\/covid-19-les-deputes-ougandais-soumis-a-un-depistage-systematique\/\">Cliquez ici pour lire l&rsquo;article depuis sa source.<\/a><\/p>\n","protected":false},"excerpt":{"rendered":"<p>Publi\u00e9 le 17.07.2020 \u00e0 19h18 par APA News En Ouganda, les 426 d\u00e9put\u00e9s ont subit des tests de masse pour le coronavirus lors d\u2019une op\u00e9ration lanc\u00e9e depuis jeudi.L\u2019Ouganda a enregistr\u00e9 \u00e0 ce jour 1.051 cas et aucun d\u00e9c\u00e8s depuis que le virus a \u00e9t\u00e9 signal\u00e9 pour la premi\u00e8re fois dans le pays en mars. Les [&hellip;]<\/p>\n","protected":false},"author":1965,"featured_media":0,"comment_status":"closed","ping_status":"closed","sticky":false,"template":"","format":"standard","meta":{"fifu_image_url":"","fifu_image_alt":"","footnotes":""},"categories":[73,82],"tags":[],"class_list":["post-92725","post","type-post","status-publish","format-standard","hentry","category-actualite","category-cameroun"],"_links":{"self":[{"href":"https:\/\/linitiative.ca\/International\/wp-json\/wp\/v2\/posts\/92725","targetHints":{"allow":["GET"]}}],"collection":[{"href":"https:\/\/linitiative.ca\/International\/wp-json\/wp\/v2\/posts"}],"about":[{"href":"https:\/\/linitiative.ca\/International\/wp-json\/wp\/v2\/types\/post"}],"author":[{"embeddable":true,"href":"https:\/\/linitiative.ca\/International\/wp-json\/wp\/v2\/users\/1965"}],"replies":[{"embeddable":true,"href":"https:\/\/linitiative.ca\/International\/wp-json\/wp\/v2\/comments?post=92725"}],"version-history":[{"count":0,"href":"https:\/\/linitiative.ca\/International\/wp-json\/wp\/v2\/posts\/92725\/revisions"}],"wp:attachment":[{"href":"https:\/\/linitiative.ca\/International\/wp-json\/wp\/v2\/media?parent=92725"}],"wp:term":[{"taxonomy":"category","embeddable":true,"href":"https:\/\/linitiative.ca\/International\/wp-json\/wp\/v2\/categories?post=92725"},{"taxonomy":"post_tag","embeddable":true,"href":"https:\/\/linitiative.ca\/International\/wp-json\/wp\/v2\/tags?post=92725"}],"curies":[{"name":"wp","href":"https:\/\/api.w.org\/{rel}","templated":true}]}}