{"id":92732,"date":"2020-07-18T06:41:29","date_gmt":"2020-07-18T10:41:29","guid":{"rendered":"https:\/\/linitiative.ca\/International\/hcp-7-menages-sur-10-ne-comptent-pas-voyager-durant-les-prochaines-vacances-dete\/"},"modified":"2020-07-18T06:41:29","modified_gmt":"2020-07-18T10:41:29","slug":"hcp-7-menages-sur-10-ne-comptent-pas-voyager-durant-les-prochaines-vacances-dete","status":"publish","type":"post","link":"https:\/\/linitiative.ca\/International\/hcp-7-menages-sur-10-ne-comptent-pas-voyager-durant-les-prochaines-vacances-dete\/","title":{"rendered":"HCP : 7 m\u00e9nages sur 10 ne comptent pas voyager durant les prochaines vacances d\u2019\u00e9t\u00e9"},"content":{"rendered":"<p><img decoding=\"async\" class=\"post_layout_5_img\" src=\"http:\/\/aujourdhui.ma\/wp-content\/uploads\/2016\/08\/Tourisme-Hotel-Maroc-Agadir.jpg\" alt=\"HCP : 7 m&#xE9;nages sur 10 ne comptent pas voyager durant les prochaines vacances d&#x2019;&#xE9;t&#xE9;\"\/><\/p>\n<p><span class=\"c5\"><strong>Plus de 7 m\u00e9nages sur 10 soit 71,5% ne comptent\u00a0 pas voyager pendant les prochaines vacances d\u2019\u00e9t\u00e9.<\/strong><\/span> <span id=\"more-351002\"\/><\/p>\n<p>C\u2019est ce que r\u00e9v\u00e8le le HCP dans son 2\u00e8me panel sur l\u2019impact du covid-19 sur la situation \u00e9conomique, sociale et psychologique des m\u00e9nages. \u00a0Ce taux est plus important chez les ruraux plus que les citadins avec respectivement 80,6% et 67,3%. Une \u00e9crasante majorit\u00e9 (78,9%) des m\u00e9nages ayant l\u2019intention de voyager compte s\u00e9journer chez la famille. Les autres options pr\u00e9vues sont les maisons de location (8,2%), les logements secondaires (4,1%), les centres d\u2019estivage (3,2%) et les h\u00f4tels ou r\u00e9sidences h\u00f4teli\u00e8res (3%).<\/p>\n<p>Pour les m\u00e9nages n\u2019ayant pas l\u2019intention de voyager pendant les prochaines vacances d\u2019\u00e9t\u00e9, la premi\u00e8re raison \u00a0invoqu\u00e9e est le manque de moyens avec 39,4% des cas. Le fait que les membres du m\u00e9nage ne\u00a0 sont\u00a0 pas\u00a0 habitu\u00e9s\u00a0 \u00e0\u00a0 voyager\u00a0 pendant\u00a0 les\u00a0 vacances\u00a0 vient\u00a0 en deuxi\u00e8me\u00a0 position\u00a0 avec\u00a0 26,1%,\u00a0 36,1%\u00a0 parmi\u00a0 les\u00a0 ruraux\u00a0 et\u00a0 38,3% parmi\u00a0 les\u00a0 20%\u00a0 les\u00a0 plus\u00a0 d\u00e9favoris\u00e9s.<\/p>\n<p>La\u00a0 crainte\u00a0 d\u2019\u00eatre\u00a0 contamin\u00e9 par la COVID-19 constitue la troisi\u00e8me raison avec 15,3%, 21,1% parmi les m\u00e9nages ais\u00e9s et 31,2% parmi ceux dont le chef a un niveau\u00a0 d\u2019enseignement\u00a0 sup\u00e9rieur. Dans l\u2019objectif \u00a0\u00a0de\u00a0 relancer\u00a0 le\u00a0 tourisme national,\u00a0\u00a0 plusieurs\u00a0\u00a0 mesures sont\u00a0\u00a0\u00a0 \u00a0propos\u00e9es\u00a0\u00a0\u00a0\u00a0 par\u00a0\u00a0\u00a0\u00a0 les m\u00e9nages. :\u00a0 d\u00e9sinfecter\u00a0\u00a0 et aseptiser\u00a0\u00a0 r\u00e9guli\u00e8rement\u00a0\u00a0 les sites\u00a0 touristiques\u00a0 pour\u00a0 52,3% des m\u00e9nages. 37,5% estiment qu\u2019il faut \u00a0contr\u00f4ler l\u2019application\u00a0 des\u00a0 mesures\u00a0 de protection dans les r\u00e9sidences de\u00a0 location\u00a0 , \u00a0\u00a0renforcer les\u00a0\u00a0\u00a0 mesures\u00a0\u00a0\u00a0 de\u00a0\u00a0\u00a0 contr\u00f4le du\u00a0 personnel\u00a0 et\u00a0 des\u00a0 clients (34,2%),\u00a0 mettre\u00a0 les\u00a0 masques et\u00a0 les\u00a0 produits\u00a0 d\u00e9sinfectants \u00e0\u00a0 la\u00a0 disposition\u00a0 des\u00a0 clients (32,3%),\u00a0\u00a0\u00a0 lancer\u00a0\u00a0\u00a0 des\u00a0\u00a0\u00a0 offres promotionnelles (30,8%), r\u00e9duire le nombre de clients\u00a0\u00a0\u00a0 (25,5%)et\u00a0\u00a0\u00a0 renforcer la\u00a0\u00a0\u00a0 communication\u00a0\u00a0\u00a0 afin\u00a0\u00a0\u00a0 de r\u00e9tablir\u00a0\u00a0\u00a0 la\u00a0\u00a0\u00a0 confiance\u00a0\u00a0\u00a0 des client (18%).<\/p>\n<p>Auteur: ALM<br \/>\n<a href=\"https:\/\/aujourdhui.ma\/societe\/hcp-7-menages-sur-10-ne-comptent-pas-voyager-durant-les-prochaines-vacances-dete\">Cliquez ici pour lire l&rsquo;article depuis sa source.<\/a><\/p>\n","protected":false},"excerpt":{"rendered":"<p>Plus de 7 m\u00e9nages sur 10 soit 71,5% ne comptent\u00a0 pas voyager pendant les prochaines vacances d\u2019\u00e9t\u00e9. C\u2019est ce que r\u00e9v\u00e8le le HCP dans son 2\u00e8me panel sur l\u2019impact du covid-19 sur la situation \u00e9conomique, sociale et psychologique des m\u00e9nages. \u00a0Ce taux est plus important chez les ruraux plus que les citadins avec respectivement 80,6% [&hellip;]<\/p>\n","protected":false},"author":1759,"featured_media":92733,"comment_status":"closed","ping_status":"closed","sticky":false,"template":"","format":"standard","meta":{"fifu_image_url":"","fifu_image_alt":"","footnotes":""},"categories":[73,54],"tags":[],"class_list":["post-92732","post","type-post","status-publish","format-standard","has-post-thumbnail","hentry","category-actualite","category-maroc"],"_links":{"self":[{"href":"https:\/\/linitiative.ca\/International\/wp-json\/wp\/v2\/posts\/92732","targetHints":{"allow":["GET"]}}],"collection":[{"href":"https:\/\/linitiative.ca\/International\/wp-json\/wp\/v2\/posts"}],"about":[{"href":"https:\/\/linitiative.ca\/International\/wp-json\/wp\/v2\/types\/post"}],"author":[{"embeddable":true,"href":"https:\/\/linitiative.ca\/International\/wp-json\/wp\/v2\/users\/1759"}],"replies":[{"embeddable":true,"href":"https:\/\/linitiative.ca\/International\/wp-json\/wp\/v2\/comments?post=92732"}],"version-history":[{"count":0,"href":"https:\/\/linitiative.ca\/International\/wp-json\/wp\/v2\/posts\/92732\/revisions"}],"wp:featuredmedia":[{"embeddable":true,"href":"https:\/\/linitiative.ca\/International\/wp-json\/"}],"wp:attachment":[{"href":"https:\/\/linitiative.ca\/International\/wp-json\/wp\/v2\/media?parent=92732"}],"wp:term":[{"taxonomy":"category","embeddable":true,"href":"https:\/\/linitiative.ca\/International\/wp-json\/wp\/v2\/categories?post=92732"},{"taxonomy":"post_tag","embeddable":true,"href":"https:\/\/linitiative.ca\/International\/wp-json\/wp\/v2\/tags?post=92732"}],"curies":[{"name":"wp","href":"https:\/\/api.w.org\/{rel}","templated":true}]}}