{"id":92738,"date":"2020-07-18T10:19:59","date_gmt":"2020-07-18T14:19:59","guid":{"rendered":"https:\/\/linitiative.ca\/International\/grandes-ecoles-prolongation-jusquau-19-juillet-du-depot-des-candidatures\/"},"modified":"2020-07-18T10:19:59","modified_gmt":"2020-07-18T14:19:59","slug":"grandes-ecoles-prolongation-jusquau-19-juillet-du-depot-des-candidatures","status":"publish","type":"post","link":"https:\/\/linitiative.ca\/International\/grandes-ecoles-prolongation-jusquau-19-juillet-du-depot-des-candidatures\/","title":{"rendered":"Grandes \u00e9coles : Prolongation jusqu\u2019au 19 juillet du d\u00e9p\u00f4t des candidatures"},"content":{"rendered":"<header>\n<\/header>\n<div class=\"entry-content clearfix\" readability=\"52.077114427861\"><img decoding=\"async\" class=\"post_layout_5_img\" src=\"http:\/\/aujourdhui.ma\/wp-content\/uploads\/2020\/04\/Etudiant-enseignement-sup\u00e9rieur.jpg\" alt=\"Grandes &#xE9;coles : Prolongation jusqu&#x2019;au 19 juillet du d&#xE9;p&#xF4;t des candidatures\"\/><\/p>\n<p><span class=\"c6\"><span class=\"c5\"><strong>La p\u00e9riode de d\u00e9p\u00f4t des candidatures d\u2019acc\u00e8s aux classes pr\u00e9paratoires aux grandes \u00e9coles (CPGE) a \u00e9t\u00e9 prolong\u00e9e jusqu\u2019au dimanche 19 juillet, C\u2019est ce qu\u2019 a annonc\u00e9 ce samedi le minist\u00e8re de l\u2019\u00c9ducation nationale, de la formation professionnelle, de l\u2019enseignement sup\u00e9rieur et de la recherche scientifique.<\/strong><\/span><span id=\"more-351010\"\/><\/span><\/p>\n<p>Suite \u00e0 la grande demande qu\u2019a connue l\u2019op\u00e9ration de d\u00e9p\u00f4t d\u2019acc\u00e8s aux CPGE de la part des \u00e9l\u00e8ves de la deuxi\u00e8me ann\u00e9e du baccalaur\u00e9at et en prenant en consid\u00e9ration les mesures d\u2019organisation prises afin d\u2019endiguer la propagation du coronavirus, le d\u00e9partement de l\u2019\u00e9ducation nationale informe les \u00e9l\u00e8ves, n\u2019ayant pas pu d\u00e9poser leur demande de candidature d\u2019acc\u00e8s aux CPGE, que cette op\u00e9ration a \u00e9t\u00e9 prolong\u00e9e jusqu\u2019au dimanche 19 juillet.<\/p>\n<p>Les \u00e9l\u00e8ves remplissant les conditions stipul\u00e9es dans la circulaire minist\u00e9rielle publi\u00e9e \u00e0 cet \u00e9gard peuvent pr\u00e9senter leurs candidatures via les liens <strong><span class=\"c8\"><a class=\"c7\" href=\"http:\/\/www.cpge.ac.ma\" target=\"_blank\" rel=\"noopener noreferrer\">http:\/\/www.cpge.ac.ma<\/a><\/span><\/strong> et <strong><span class=\"c8\">https:\/\/massarservice.men.gov.ma\/moutamadris<\/span><\/strong>, indique le communiqu\u00e9 du minist\u00e8re , soulignant qu\u2019aucun changement ne sera apport\u00e9 \u00e0 la date d\u2019annonce des r\u00e9sultats pr\u00e9vue du mardi 21 juillet 2020.<\/p>\n<\/div>\n<p>Auteur: ALM<br \/>\n<a href=\"https:\/\/aujourdhui.ma\/societe\/grandes-ecoles-prolongation-jusquau-19-juillet-du-depot-des-candidatures\">Cliquez ici pour lire l&rsquo;article depuis sa source.<\/a><\/p>\n","protected":false},"excerpt":{"rendered":"<p>La p\u00e9riode de d\u00e9p\u00f4t des candidatures d\u2019acc\u00e8s aux classes pr\u00e9paratoires aux grandes \u00e9coles (CPGE) a \u00e9t\u00e9 prolong\u00e9e jusqu\u2019au dimanche 19 juillet, C\u2019est ce qu\u2019 a annonc\u00e9 ce samedi le minist\u00e8re de l\u2019\u00c9ducation nationale, de la formation professionnelle, de l\u2019enseignement sup\u00e9rieur et de la recherche scientifique. Suite \u00e0 la grande demande qu\u2019a connue l\u2019op\u00e9ration de d\u00e9p\u00f4t [&hellip;]<\/p>\n","protected":false},"author":1759,"featured_media":92739,"comment_status":"closed","ping_status":"closed","sticky":false,"template":"","format":"standard","meta":{"fifu_image_url":"","fifu_image_alt":"","footnotes":""},"categories":[73,54],"tags":[],"class_list":["post-92738","post","type-post","status-publish","format-standard","has-post-thumbnail","hentry","category-actualite","category-maroc"],"_links":{"self":[{"href":"https:\/\/linitiative.ca\/International\/wp-json\/wp\/v2\/posts\/92738","targetHints":{"allow":["GET"]}}],"collection":[{"href":"https:\/\/linitiative.ca\/International\/wp-json\/wp\/v2\/posts"}],"about":[{"href":"https:\/\/linitiative.ca\/International\/wp-json\/wp\/v2\/types\/post"}],"author":[{"embeddable":true,"href":"https:\/\/linitiative.ca\/International\/wp-json\/wp\/v2\/users\/1759"}],"replies":[{"embeddable":true,"href":"https:\/\/linitiative.ca\/International\/wp-json\/wp\/v2\/comments?post=92738"}],"version-history":[{"count":0,"href":"https:\/\/linitiative.ca\/International\/wp-json\/wp\/v2\/posts\/92738\/revisions"}],"wp:featuredmedia":[{"embeddable":true,"href":"https:\/\/linitiative.ca\/International\/wp-json\/"}],"wp:attachment":[{"href":"https:\/\/linitiative.ca\/International\/wp-json\/wp\/v2\/media?parent=92738"}],"wp:term":[{"taxonomy":"category","embeddable":true,"href":"https:\/\/linitiative.ca\/International\/wp-json\/wp\/v2\/categories?post=92738"},{"taxonomy":"post_tag","embeddable":true,"href":"https:\/\/linitiative.ca\/International\/wp-json\/wp\/v2\/tags?post=92738"}],"curies":[{"name":"wp","href":"https:\/\/api.w.org\/{rel}","templated":true}]}}