{"id":92747,"date":"2020-07-17T18:30:20","date_gmt":"2020-07-17T22:30:20","guid":{"rendered":"https:\/\/linitiative.ca\/International\/les-fideles-retrouvent-le-chemin-des-maisons-de-dieu\/"},"modified":"2020-07-17T18:30:20","modified_gmt":"2020-07-17T22:30:20","slug":"les-fideles-retrouvent-le-chemin-des-maisons-de-dieu","status":"publish","type":"post","link":"https:\/\/linitiative.ca\/International\/les-fideles-retrouvent-le-chemin-des-maisons-de-dieu\/","title":{"rendered":"Les fid\u00e8les retrouvent le chemin des \u00ab Maisons de Dieu \u00bb"},"content":{"rendered":"<p><iframe loading=\"lazy\" width=\"1170\" height=\"658\" src=\"https:\/\/www.youtube.com\/embed\/rkCxaS8qqbU?feature=oembed\" frameborder=\"0\" allow=\"accelerometer; autoplay; encrypted-media; gyroscope; picture-in-picture\" allowfullscreen=\"\">[embedded content]<\/iframe><\/p>\n<div class=\"post-header-inner\">\n<div class=\"post-header-title\">\n<p>\n\t\t\t\t<span class=\"time\"><time class=\"post-published updated\" datetime=\"2020-07-17T23:30:20+00:00\"><b><b> 17 juillet 2020  <\/b> <\/b><\/time><\/span>\n\t\t\t<\/p>\n<\/p><\/div>\n<\/p><\/div>\n<div class=\"single-post-excerpt post-excerpt-bc\" readability=\"36\">\n<p>La Mosqu\u00e9e \u00ab Koutoubia \u00bb a rouvert ses portes, mercredi, au grand bonheur des fid\u00e8les venus y accomplir leurs pri\u00e8res, apr\u00e8s quatre mois de fermeture en raison de la pand\u00e9mie de la Covid-19.<\/p>\n<\/div>\n<p>Auteur: Meriem IGASS<br \/>\n<a href=\"http:\/\/www.mapmarrakech.ma\/fr\/les-fideles-retrouvent-le-chemin-des-maisons-de-dieu-2\/\">Cliquez ici pour lire l&rsquo;article depuis sa source.<\/a><\/p>\n","protected":false},"excerpt":{"rendered":"<p>[embedded content] 17 juillet 2020 La Mosqu\u00e9e \u00ab Koutoubia \u00bb a rouvert ses portes, mercredi, au grand bonheur des fid\u00e8les venus y accomplir leurs pri\u00e8res, apr\u00e8s quatre mois de fermeture en raison de la pand\u00e9mie de la Covid-19. Auteur: Meriem IGASS Cliquez ici pour lire l&rsquo;article depuis sa source.<\/p>\n","protected":false},"author":1788,"featured_media":0,"comment_status":"closed","ping_status":"closed","sticky":false,"template":"","format":"standard","meta":{"fifu_image_url":"","fifu_image_alt":"","footnotes":""},"categories":[54,76],"tags":[],"class_list":["post-92747","post","type-post","status-publish","format-standard","hentry","category-maroc","category-regions"],"_links":{"self":[{"href":"https:\/\/linitiative.ca\/International\/wp-json\/wp\/v2\/posts\/92747","targetHints":{"allow":["GET"]}}],"collection":[{"href":"https:\/\/linitiative.ca\/International\/wp-json\/wp\/v2\/posts"}],"about":[{"href":"https:\/\/linitiative.ca\/International\/wp-json\/wp\/v2\/types\/post"}],"author":[{"embeddable":true,"href":"https:\/\/linitiative.ca\/International\/wp-json\/wp\/v2\/users\/1788"}],"replies":[{"embeddable":true,"href":"https:\/\/linitiative.ca\/International\/wp-json\/wp\/v2\/comments?post=92747"}],"version-history":[{"count":0,"href":"https:\/\/linitiative.ca\/International\/wp-json\/wp\/v2\/posts\/92747\/revisions"}],"wp:attachment":[{"href":"https:\/\/linitiative.ca\/International\/wp-json\/wp\/v2\/media?parent=92747"}],"wp:term":[{"taxonomy":"category","embeddable":true,"href":"https:\/\/linitiative.ca\/International\/wp-json\/wp\/v2\/categories?post=92747"},{"taxonomy":"post_tag","embeddable":true,"href":"https:\/\/linitiative.ca\/International\/wp-json\/wp\/v2\/tags?post=92747"}],"curies":[{"name":"wp","href":"https:\/\/api.w.org\/{rel}","templated":true}]}}